{"id":10959,"date":"2023-12-17T18:22:26","date_gmt":"2023-12-17T17:22:26","guid":{"rendered":"https:\/\/rettung-fuer-deutschland.de\/blog\/?p=10959"},"modified":"2023-12-17T18:22:28","modified_gmt":"2023-12-17T17:22:28","slug":"warum-erkennt-israel-palaestinenser-nichts-als-volk-an","status":"publish","type":"post","link":"https:\/\/rettung-fuer-deutschland.de\/blog\/warum-erkennt-israel-palaestinenser-nichts-als-volk-an\/","title":{"rendered":"Warum erkennt Israel die Pal\u00e4stinenser nichts als Volk an? Weil Sie auch v\u00f6lkerrechtlich gesehen kein eigenes Volk sind, sondern einfach Araber aus anderen Staaten!"},"content":{"rendered":"<p><a href=\"https:\/\/rettung-fuer-deutschland.de\/blog\/warum-erkennt-israel-palaestinenser-nichts-als-volk-an\/\"><img loading=\"lazy\" decoding=\"async\" class=\"alignnone size-medium\" src=\"https:\/\/www.rettung-fuer-deutschland.de\/foto-wp-warum-erkennt-israel.palaestinenser-nichts-als-Volk-an-620x470.jpg\" width=\"620\" height=\"470\"\/><\/a><br \/>\n<em>(Fotos: Bildmontagen aus Fotoarchiv von RfD Rettung f\u00fcr Deutschland \/ <a href=\"https:\/\/www.50-erfolgsgrundlagen.de\/b50-autor.html\" target=\"_blank\" rel=\"noopener\"><span style=\"color: #1403fa;\">Buchautor: Uwe Melzer<\/span><\/a>)<\/em><\/p>\n\n\n<p>Bis zur Staatsgr\u00fcndung Israels 1948 waren alle, die in Erez-Israel (im Land Israel) lebten, Pal\u00e4stinenser, ob Jude, Christ oder Araber. Bis dahin gab es noch kein pal\u00e4stinensisches Volk. So waren selbst Israel Staatsgr\u00fcnder David Ben Gurion und Chaim Weizmann laut Pass \u201ePal\u00e4stinenser\u201c. Die erste j\u00fcdische Tageszeitung in dieser Region hie\u00df \u201ePalestine Post\u201c (die heutige \u201eJerusalem Post\u201c). 1917, nach dem Sieg der Engl\u00e4nder \u00fcber die T\u00fcrken, die 400 Jahre \u00fcber dieses Land herrschten und es \u201eSyrien\u201c nannten, wurde dieses Land britisches Mandatsgebiet und erhielt den Namen \u201ePalestine\u201c.<\/p>\n\n\n\n<h2 class=\"wp-block-heading\">Hier mu\u00df erst einmal klagestellt werden, da\u00df die heutigen Pal\u00e4stinenser nicht ein Volk im herk\u00f6mmlichen Sinn sind.<\/h2>\n\n\n\n<p><strong>Im \u00dcbrigen stammt die Bezeichnung \u201ePal\u00e4stina\u201c von den R\u00f6mern, die Israel zu Zeiten von Jesus Christus besetzt hatten und Israel umtauften in die r\u00f6mische \u201eProvinz Pal\u00e4stina\u201c.<\/strong><\/p>\n\n\n\n<p>Die Bezeichnung \u201ePal\u00e4stina\u201c sagt jedoch nichts \u00fcber die Menschen aus, die darin lebten. Araber, Beduinen, M\u00f6nche, Drusen, Templer, Zionisten und Moslems, alle hie\u00dfen Pal\u00e4stinenser. <strong>Erst 1964, offiziell erst 1968, tauchte die Legende auf<\/strong>, da\u00df die in Erez-Israel lebenden Araber das \u201eVolk der Pal\u00e4stinenser\u201c seien. <strong>Man schuf eine k\u00fcnstliche Volkszugeh\u00f6rigkeit um mittels arabischer Volksfront Israel besser bek\u00e4mpfen zu k\u00f6nnen.<\/strong><\/p>\n\n\n\n<p>Und diese Rechnung ist leider im negativen Sinn mit Krieg und Terror gegen Israel aufgegangen. Dagegen steht, da\u00df Israels Geschichte als Volk der Juden und als Staat Israel 4.000 Jahre vor Jesus Christus in der Bibel und der j\u00fcdischen Thora begann. Abraham als Stammvater aller Juden lebte um das 2.100 vor Christus, also heute vor 4.123 Jahren. So alt ist die Geschichte des Staates Israel. Und genau das wird tunlichst verschwiegen, um jeden Krieg und jeden Terrorakt gegen Israel zu rechtfertigen. Das ist die v\u00f6llige Verdrehung des V\u00f6lkerrechts.<\/p>\n\n\n\n<h2 class=\"wp-block-heading\">Sie sollten auch wissen, da\u00df der Islam erst 620 Jahre nach Jesus Christus entstanden ist.<\/h2>\n\n\n\n<p>Da gab es die vollst\u00e4ndige Bibel mit Altem und Neuem Testament schon seit fast 600 Jahren. Der Koran beginnt damit, da\u00df Gott (angeblich) die Juden wegen Ihren S\u00fcnden verlassen h\u00e4tte und sich als neuer Gott \u201eAllah\u201c f\u00fcr die Muslime versteht, Israel und die Juden nicht mehr existieren und Jerusalem (angeblich) dem Islam geh\u00f6rt.<\/p>\n\n\n\n<p>Jetzt aber gibt es seit 1948 den Staat Israel wieder und die Juden als Staatsb\u00fcrger und Jerusalem ist die Hauptstadt der Juden und des Staates Israel. Also ist es offensichtlich, da\u00df der Koran l\u00fcgt und Gott nie sein Volk der Juden verlassen hat, denn Gott hatte versprochen, da\u00df er am Ende der Zeiten die Juden wieder zur\u00fcckbringt in das Land Ihrer V\u00e4ter und zu einem bl\u00fchenden Land machen wird. Und genau das geschieht seit 1948.<\/p>\n\n\n\n<p><strong>Weil nach dem Islam nicht sein kann, da\u00df der Koran l\u00fcgt, m\u00fcssen also die Juden und der Staat Israel wieder verschwinden und Jerusalem soll Hauptstadt des Islam werden. Die Folge davon ist, solange wie der Koran und der Islam existieren, wird Israel keinen Frieden haben.<\/strong><\/p>\n\n\n\n<p>Dieses Problem ist ein religi\u00f6ses Problem und kann deshalb politisch nicht gel\u00f6st werden. Gott selbst wird gem\u00e4\u00df seinem Wort in der Bibel, die L\u00f6sung und den Frieden f\u00fcr Israel herstellen. Das bedeutet auch, da\u00df Gott selbst den Islam vernichten wird, der sein Volk der Juden mit dem Untergang bedroht. Das ist leider die christliche, biblische Wahrheit und die Wahrheit der j\u00fcdischen Thora.<\/p>\n\n\n\n<h2 class=\"wp-block-heading\">Anmerkung<\/h2>\n\n\n\n<p>Mohammed, der als angeblicher Prophet, als Gr\u00fcnder des Islam durch Allah gilt, hatte zu Lebzeiten nie einen Bezug zu Jerusalem und Israel. W\u00e4hrend seines ganzen Lebens kam Mohammed nie n\u00e4her als 1.200 km an Israel bzw. Jerusalem heran. War also selbst nie in Israel und schon gar nicht in Jerusalem. Um aber einen Anspruch auf Jerusalem begr\u00fcnden zu k\u00f6nnen, wurde 70 Jahre nach dem Tod von Mohammed, als der heutige Koran endstanden ist, folgendes nachtr\u00e4glich, als Kopie der christlichen Himmelfahrt von Jesus Christus, in den Koran eingef\u00fcgt:<\/p>\n\n\n\n<p><strong>Im Traum in einer n\u00e4chtlichen Reise, sei Mohammed mit seinem Pferd \u201eal-Bur\u0101q\u201c nach Jerusalem geritten und von dort vom Tempelberg samt Reittier in den Himmel aufgestiegen <\/strong>(Kurzfassung nach dem Koran).<\/p>\n\n\n\n<p>Das ist Alles, womit der Islam und der Koran seinen Anspruch auf Jerusalem begr\u00fcndet. Eine kopierte Erz\u00e4hlung aus der Bibel, was tats\u00e4chlich an Himmelfahrt (Aufstieg von Jesus Christus, als Sohn Gottes, zur\u00fcck in den Himmel) geschehen ist, und von allen J\u00fcngern in der Bibel bezeugt wurde, damit der Koran die gleiche Geschichte aufweisen kann wie die Bibel, weil sich zu Zeiten von Mohammed das Christentum und die Bibel im Nahen Osten schon weit seit \u00fcber 600 Jahren verbreitet hatte.<\/p>\n\n\n\n<p>Wer den Koran gelesen hat (der Autor hat ihn gelesen) und die Bibel gelesen hat, erkennt sofort, da\u00df im Koran grunds\u00e4tzlich das Gegenteil steht, von dem was in der Bibel steht. Der Koran ruft auf zu T\u00f6ten aller \u201eUngl\u00e4ubigen\u201c (also aller nicht Muslime) und die Bibel ruft auf um zu lieben. Einfache Kurzfassung was der Koran ist und was die Bibel aussagt.<\/p>\n\n\n\n<p><img loading=\"lazy\" decoding=\"async\" class=\"alignnone size-medium\" src=\"https:\/\/www.ichthys-consulting.de\/grafik-wp-strich-rot-620x10.gif\" width=\"620\" height=\"10\"\/><br \/>\n<strong><span style=\"font-size: 16px;\"><span style=\"color: #d63c42;\">Wer Krieg gegen Israel f\u00fchrt, egal in welcher Form, f\u00fchrt Krieg gegen GOTT!<\/span><\/span><\/strong><br \/>\nBibel, AT, Sacharja 2,12: Denn so spricht GOTT, der HERR Zebaoth, der mich gesandt hat, \u00fcber die V\u00f6lker, die euch (ISRAEL) beraubt haben: <strong><em>\u201eWer euch (ISRAEL) antastet, der tastet meinen Augapfel an\u201c<\/em><\/strong>.<br \/>\n<br \/>\n<strong><em><span style=\"font-size: 16px;\"><span style=\"color: #d63c42;\">\u201eIch (GOTT) will segnen, die dich (Israel) segnen, und verfluchen, die dich (Israel) verfluchen; und in dir (Israel) sollen gesegnet werden alle Geschlechter auf Erden\u201c<\/span><\/span><\/em><\/strong> (Bibel, AT, 1. Mose 12,3).<br \/>\n<img loading=\"lazy\" decoding=\"async\" class=\"alignnone size-medium\" src=\"https:\/\/www.rettung-fuer-deutschland.de\/grafik-wp-strich-rot-620x10.gif\" width=\"620\" height=\"10\"\/><\/p>\n\n\n<p><strong>Weitere Presseartikel zum Thema<\/strong><br \/>\n<a title=\"Die Verbrechen der Hamas gegen Israel\" href=\"https:\/\/rettung-fuer-deutschland.de\/blog\/verbrechen-der-hamas-gegen-israel\/\" target=\"_blank\" rel=\"noopener noreferrer\"><span style=\"color: #000080;\">Die Verbrechen der Hamas gegen Israel \u2013 Was ist tats\u00e4chlich passiert \u2013 Hamas-Propaganda: falsche Gaza-Todeszahlen in Medien<\/span><\/a><br \/>\n<a title=\"Hamas Terror gegen Israel\" href=\"https:\/\/rettung-fuer-deutschland.de\/blog\/israel-islamischer-terror-hamas-israel-umkehr-schuldfrage\/\" target=\"_blank\" rel=\"noopener noreferrer\"><span style=\"color: #000080;\">Israel: der islamischer Terror der Hamas gegen Israel und die Umkehr der Schuldfrage!<\/span><\/a><br \/>\n<a title=\"Islam und Christentum\" href=\"https:\/\/ichthys-consulting.de\/blog\/?p=1677\" target=\"_blank\" rel=\"noopener noreferrer\"><span style=\"color: #000080;\">Islam und Christentum \u2013 Was ist die Motivation der islamischen Fundamentalisten?<\/span><\/a><br \/>\n<a title=\"Gleiche Rechte f\u00fcr Christen, Juden und Moslems. Ist der Islam tats\u00e4chlich friedlich?\" href=\"https:\/\/ichthys-consulting.de\/blog\/?p=1532\" target=\"_blank\" rel=\"noopener noreferrer\"><span style=\"color: #000080;\">Gleiche Rechte f\u00fcr Christen, Juden und Moslems. Ist der Islam tats\u00e4chlich friedlich?<\/span><\/a><br \/>\n<a title=\"Die humane Kriegsf\u00fchrung von Israel gegen die islamische Hamas im Gazastreifen\" href=\"https:\/\/ichthys-consulting.de\/blog\/?p=2485\" target=\"_blank\" rel=\"noopener noreferrer\"><span style=\"color: #000080;\">Die humane Kriegsf\u00fchrung von Israel mit v\u00f6llig unnat\u00fcrlichen Handlungen einer Armee<\/span><\/a><br \/>\n<a title=\"Israel ist Opfer des Islam und nicht T\u00e4ter\" href=\"https:\/\/ichthys-consulting.de\/blog\/israel-ist-opfer-und-nicht-taeter\/\" target=\"_blank\" rel=\"noopener noreferrer\"><span style=\"color: #000080;\">Israel ist Opfer des Islam und nicht T\u00e4ter<\/span><\/a><br \/><a title=\"Krieg zwischen Israel und islamischer Hamas\" href=\"https:\/\/ichthys-consulting.de\/blog\/?p=2453\" target=\"_blank\" rel=\"noopener noreferrer\"><span style=\"color: #000080;\">Krieg zwischen der islamischen Hamas und Israel. Die Pal\u00e4stinenser als Bewohner des Gazastreifens sind nicht unschuldige Opfer.<\/span><\/a><br \/>\n<a title=\"Die Wahrheit \u00fcber die Entstehung von Israel\" href=\"https:\/\/ichthys-consulting.de\/blog\/?p=2248\" target=\"_blank\" rel=\"noopener noreferrer\"><span style=\"color: #000080;\">Die Wahrheit \u00fcber die Entstehung von Israel und die Fl\u00fcchtlingslager der Pal\u00e4stinenser<\/span><\/a><br \/>\n<a title=\"Die Grenzen Israels nach GOTTES Wort\" href=\"https:\/\/ichthys-consulting.de\/blog\/?p=972\" target=\"_blank\" rel=\"noopener noreferrer\"><span style=\"color: #000080;\">Die Grenzen von Israel mit Jerusalem als Hauptstadt und der Status der Juden als Volk aus GOTTES Sicht!<\/span><\/a><br \/>\n<a title=\"Weshalb es keinen Frieden mit Israel, den Arabern und Islamisten gibt!\" href=\"https:\/\/ichthys-consulting.de\/blog\/?p=13\" target=\"_blank\" rel=\"noopener noreferrer\"><span style=\"color: #000080;\">Weshalb es keinen Frieden mit Israel, den Arabern und Islamisten gibt!<\/span><\/a><\/p>\n<p><img loading=\"lazy\" decoding=\"async\" class=\"alignnone size-medium\" src=\"https:\/\/www.rettung-fuer-deutschland.de\/grafik-wp-strich-rot-620x10.gif\" width=\"620\" height=\"10\" \/><\/p>\n<p><a href=\"https:\/\/www.rettung-fuer-deutschland.de\" target=\"_blank\" rel=\"noopener noreferrer\"><img loading=\"lazy\" decoding=\"async\" class=\"alignleft\" src=\"https:\/\/www.rettung-fuer-deutschland.de\/grafik-logo-rfd-35x35.jpg\" width=\"35\" height=\"35\" \/><\/a><strong><a title=\"RFD Rettung f\u00fcr Deutschland\" href=\"https:\/\/www.rettung-fuer-deutschland.de\" target=\"_blank\" rel=\"noopener noreferrer\"><span style=\"color: #000080;\">RfD Rettung f\u00fcr Deutschland<\/span><\/a><\/strong> &#8211; <a href=\"https:\/\/www.50-erfolgsgrundlagen.de\" target=\"_blank\" rel=\"noopener noreferrer\"><img loading=\"lazy\" decoding=\"async\" class=\"alignright\" src=\"https:\/\/www.50-erfolgsgrundlagen.de\/grafik-wp-buch-titelseite-71x100.jpg\" width=\"71\" height=\"100\" \/><\/a>Mehr von Autor Uwe Melzer lesen Sie im Buch Wirtschaftshandbuch &amp; Ratgeber f\u00fcr den beruflichen Alltag mit dem Titel: <strong><a href=\"https:\/\/www.50-erfolgsgrundlagen.de\" target=\"_blank\" rel=\"noopener noreferrer\"><span style=\"color: #000080;\">50 biblische Erfolgsgrundlagen im Gesch\u00e4ftsleben.<\/span><\/a><\/strong> Dieses Buch\/eBook ist erschienen im <strong><a href=\"https:\/\/www.epubli.de\/shop\/autor\/Uwe-Melzer\/2518\" target=\"_blank\" rel=\"noopener noreferrer\"><span style=\"color: #000080;\">epubli-Verlag unter Buch-ISBN: 978-3-8442-2969-1 und eBook\/ePUB-ISBN: 978-3-8442-0365-3.<\/span><\/a><\/strong><\/p>\n<p><a href=\"https:\/\/www.rettung-fuer-deutschland.de\" target=\"_blank\" rel=\"noopener noreferrer\"><img loading=\"lazy\" decoding=\"async\" class=\"alignleft\" src=\"https:\/\/www.rettung-fuer-deutschland.de\/grafik-wp-deutschlandflagge-am-mast-rfd-logo-280x140.jpg\" alt=\"\" width=\"280\" height=\"140\" \/><\/a><strong><a title=\"Rettung &amp; Vision f\u00fcr Deutschland\" href=\"https:\/\/www.rettung-fuer-deutschland.de\" target=\"_blank\" rel=\"noopener noreferrer\"><span style=\"color: #000080;\">Rettung &amp; Vision f\u00fcr Deutschland<\/span><\/a><\/strong><br \/>\nE-Mail: <a href=\"mailto:rfd@rettung-fuer-deutschland.de\"><span style=\"color: #000080;\">rfd@rettung-fuer-deutschland.de<\/span><\/a><br \/>\nInternet: <a href=\"https:\/\/www.rettung-fuer-deutschland.de\" target=\"_blank\" rel=\"noopener noreferrer\"><span style=\"color: #000080;\">www.rettung-fuer-deutschland.de<\/span><\/a><\/p>\n<p><a class=\"twitter-share-button\" href=\"https:\/\/twitter.com\/share\" data-url=\"https:\/\/rettung-fuer-deutschland.de\/blog\/warum-erkennt-israel-palaestinenser-nichts-als-volk-an\/\" data-text=\"Warum erkennt #Israel die #Pal\u00e4stinenser nichts als #Volk an? Weil Sie auch #v\u00f6lkerrechtlich gesehen kein eigenes Volk sind, sondern einfach #Araber aus anderen #Staaten:\" data-lang=\"de\">Twittern<\/a> <a href=\"https:\/\/www.xing.com\/spi\/shares\/new?follow_url=https:\/\/www.xing.com\/profile\/Uwe_Melzer2&amp;sc_p=b7910_cb&amp;url=https:\/\/rettung-fuer-deutschland.de\/blog\/warum-erkennt-israel-palaestinenser-nichts-als-volk-an\/\" target=\"_blank\" rel=\"noopener noreferrer\"><img decoding=\"async\" src=\"https:\/\/www.rettung-fuer-deutschland.de\/grafik-xing-button-60x20.jpg\" alt=\"\" border=\"0\" \/><\/a> <script src=\"\/\/platform.linkedin.com\/in.js\" type=\"text\/javascript\">lang: de_DE<\/script><script type=\"IN\/Share\" data-url=\"https:\/\/rettung-fuer-deutschland.de\/blog\/warum-erkennt-israel-palaestinenser-nichts-als-volk-an\/\"><\/script><\/p>\n<div class=\"fb-like\" data-href=\"https:\/\/rettung-fuer-deutschland.de\/blog\/warum-erkennt-israel-palaestinenser-nichts-als-volk-an\/\" data-width=\"200\" data-layout=\"\" data-action=\"\" data-size=\"\" data-share=\"true\">\u00a0<\/div>\n<p><!-- \/wp:post-content --><\/p>","protected":false},"excerpt":{"rendered":"<p>Hier mu\u00df erst einmal klagestellt werden, da\u00df die heutigen Pal\u00e4stinenser nicht ein Volk im herk\u00f6mmlichen Sinn sind. Bis zur Staatsgr\u00fcndung Israels 1948 waren alle, die in Erez-Israel (im Land Israel) lebten, Pal\u00e4stinenser, ob Jude, Christ oder Araber. Bis dahin gab es noch kein pal\u00e4stinensisches Volk. So waren selbst Israel Staatsgr\u00fcnder David Ben Gurion und Chaim Weizmann laut Pass \u201ePal\u00e4stinenser\u201c. Die erste j\u00fcdische Tageszeitung in dieser Region hie\u00df \u201ePalestine Post\u201c (die heutige \u201eJerusalem Post\u201c). 1917, nach dem Sieg der Engl\u00e4nder \u00fcber die T\u00fcrken, die 400 Jahre \u00fcber dieses Land herrschten und es \u201eSyrien\u201c nannten, wurde dieses Land britisches Mandatsgebiet und erhielt den Namen \u201ePalestine\u201c. Im \u00dcbrigen stammt die Bezeichnung \u201ePal\u00e4stina\u201c von den R\u00f6mern, die Israel zu Zeiten von Jesus Christus besetzt hatten und Israel umtauften in die r\u00f6mische \u201eProvinz Pal\u00e4stina\u201c. Die Bezeichnung \u201ePal\u00e4stina\u201c sagt jedoch nichts \u00fcber die Menschen aus, die darin lebten. Araber, Beduinen, M\u00f6nche, Drusen, Templer, Zionisten und Moslems, alle hie\u00dfen Pal\u00e4stinenser. Erst 1964, offiziell erst 1968, tauchte die Legende auf, da\u00df die in Erez-Israel lebenden Araber das \u201eVolk der Pal\u00e4stinenser\u201c seien. Man schuf eine k\u00fcnstliche Volkszugeh\u00f6rigkeit um mittels arabischer Volksfront Israel besser bek\u00e4mpfen zu k\u00f6nnen.\u2026 vollst\u00e4ndigen Presseartikel lesen bei WordPress: https:\/\/rettung-fuer-deutschland.de\/blog\/warum-erkennt-israel-palaestinenser-nichts-als-volk-an\/<\/p>\n","protected":false},"author":1,"featured_media":0,"comment_status":"open","ping_status":"open","sticky":false,"template":"","format":"standard","meta":{"footnotes":""},"categories":[1,4,1718,3932,4694,3,246,49],"tags":[4926,1555,15,791,828,793,838,830,1866,832,4928,4929,4927,1048,4930,808,813,4925,4924],"class_list":["post-10959","post","type-post","status-publish","format-standard","hentry","category-allgemein","category-gesellschaft","category-islam","category-israel","category-krieg","category-politik","category-religion","category-welt","tag-4926","tag-araber","tag-bibel","tag-islam","tag-israel","tag-koran","tag-krieg","tag-moslems","tag-palaestina","tag-palastinenser","tag-palestine","tag-provinz","tag-roemern","tag-staaten","tag-staatsgruendung","tag-terror","tag-volk","tag-voelkerrechtlich","tag-zionisten"],"_links":{"self":[{"href":"https:\/\/rettung-fuer-deutschland.de\/blog\/wp-json\/wp\/v2\/posts\/10959","targetHints":{"allow":["GET"]}}],"collection":[{"href":"https:\/\/rettung-fuer-deutschland.de\/blog\/wp-json\/wp\/v2\/posts"}],"about":[{"href":"https:\/\/rettung-fuer-deutschland.de\/blog\/wp-json\/wp\/v2\/types\/post"}],"author":[{"embeddable":true,"href":"https:\/\/rettung-fuer-deutschland.de\/blog\/wp-json\/wp\/v2\/users\/1"}],"replies":[{"embeddable":true,"href":"https:\/\/rettung-fuer-deutschland.de\/blog\/wp-json\/wp\/v2\/comments?post=10959"}],"version-history":[{"count":0,"href":"https:\/\/rettung-fuer-deutschland.de\/blog\/wp-json\/wp\/v2\/posts\/10959\/revisions"}],"wp:attachment":[{"href":"https:\/\/rettung-fuer-deutschland.de\/blog\/wp-json\/wp\/v2\/media?parent=10959"}],"wp:term":[{"taxonomy":"category","embeddable":true,"href":"https:\/\/rettung-fuer-deutschland.de\/blog\/wp-json\/wp\/v2\/categories?post=10959"},{"taxonomy":"post_tag","embeddable":true,"href":"https:\/\/rettung-fuer-deutschland.de\/blog\/wp-json\/wp\/v2\/tags?post=10959"}],"curies":[{"name":"wp","href":"https:\/\/api.w.org\/{rel}","templated":true}]}}