{"id":12930,"date":"2025-04-07T15:16:39","date_gmt":"2025-04-07T13:16:39","guid":{"rendered":"https:\/\/rettung-fuer-deutschland.de\/blog\/?p=12930"},"modified":"2025-05-26T15:51:35","modified_gmt":"2025-05-26T13:51:35","slug":"hamas-wohlfuhloase-deutschland-tuerkei-aufruf-gewalt-gegen-israel","status":"publish","type":"post","link":"https:\/\/rettung-fuer-deutschland.de\/blog\/hamas-wohlfuhloase-deutschland-tuerkei-aufruf-gewalt-gegen-israel\/","title":{"rendered":"Hamas in der Wohlf\u00fchloase Deutschland &#038; T\u00fcrkei Aufrufe zur Gewalt gegen Israel"},"content":{"rendered":"<p><a href=\"https:\/\/rettung-fuer-deutschland.de\/blog\/hamas-wohlfuhloase-deutschland-tuerkei-aufruf-gewalt-gegen-israel\/\"><img loading=\"lazy\" decoding=\"async\" class=\"alignnone size-medium\" src=\"https:\/\/www.rettung-fuer-deutschland.de\/foto-wp-hamas-wohlfuehloase-deutschland-titelbild-620x505.jpg\" width=\"620\" height=\"505\"\/><\/a><br \/>\n<em>(Fotos: Bildmontagen aus Fotoarchiv von RfD Rettung f\u00fcr Deutschland \/ Screenshot aus Video \/ <a href=\"https:\/\/www.50-erfolgsgrundlagen.de\/b50-autor.html\" target=\"_blank\" rel=\"noopener\"><span style=\"color: #1403fa;\">Buchautor: Uwe Melzer<\/span><\/a>)<\/em><\/p>\n\n\n<p><strong><em>\u201eIch will segnen, die dich (Israel) segnen, und verfluchen, die dich (Israel) verfluchen &#8230;&#8220;<\/em><\/strong> (Bibel, AT,1. Mose 12,3)<\/p>\n\n\n\n<h2 class=\"wp-block-heading\">Wo sind sie denn jetzt, die Free-Palestine-Aktivisten?<\/h2>\n\n\n\n<p>Hamas-Terroristen haben einen Anf\u00fchrer der Gaza-Freiheitsbewegung entf\u00fchrt und gefoltert. Vier Stunden lang. Sie filmten und posteten ihr Verbrechen. Dann warfen sie die \u00fcbel zugerichtete Leiche des 22-J\u00e4hrigen seiner Familie vor die F\u00fc\u00dfe, als Botschaft f\u00fcr alle Hamas-Kritiker.<\/p>\n\n\n\n<p><strong><a href=\"https:\/\/faszinationisrael.de\/index.php\/component\/content\/article\/101-antisemitismus-wo-sind-die-grenzen\" target=\"_blank\" rel=\"noopener\"><img loading=\"lazy\" decoding=\"async\" class=\"alignright size-medium\" src=\"https:\/\/www.rettung-fuer-deutschland.de\/foto-wp-anti-israel-demo-free-palaestina-250x164.jpg\" width=\"250\" height=\"164\"\/><\/a>Tausende Pal\u00e4stinenser protestieren seit Tagen im Gazastreifen. Sie schreien: <em>\u201eHamas raus!\u201c<\/em>, <em>\u201eHamas sind Terroristen\u201c<\/em> und <em>\u201eWeg mit Al-Jazeera\u201c<\/em>. Manche wagen sogar, die Freilassung der israelischen Geiseln zu fordern.<\/strong><\/p>\n\n\n\n<p><strong>Aber es passt nicht ins Bild unserer deutschen \u201eFree-Palestine-Aktivisten\u201c,<\/strong> wenn Pal\u00e4stinenser von islamistischen Terroristen befreit werden wollen und die Terrororganisation als Verursacher der katastrophalen Lage im Gazastreifen benennen. Das Schweigen der Pro-Pal\u00e4stina-Szene zeigt einmal mehr: <strong>Nicht die Sorge um die Menschen im Gazastreifen treibt sie auf die Stra\u00dfe, sondern einzig und allein ihr antisemitischer Hass auf Israel.<\/strong><\/p>\n\n\n\n<p><a href=\"https:\/\/www.youtube.com\/watch?v=Co6aeFgsFAc\" target=\"_blank\" rel=\"noopener\"><img loading=\"lazy\" decoding=\"async\" class=\"alignright size-medium\" src=\"https:\/\/www.rettung-fuer-deutschland.de\/foto-wp-pro-hamas-demo-deutschland-250x189.jpg\" width=\"250\" height=\"189\"\/><\/a>Oder haben sie etwa Angst vor den \u201eFreiheitsk\u00e4mpfern\u201c der Hamas, die l\u00e4ngst auch in Deutschland ihre Netzwerke gekn\u00fcpft haben? <strong>Viele Jahre durfte die Hamas in Deutschland ganz offen Spenden sammeln und Mitglieder anwerben.<\/strong> Deutschland war eine Wohlf\u00fchloase f\u00fcr diese gef\u00e4hrliche Terrororganisation. <strong>Im Film <u><a href=\"https:\/\/tbdae78fc.emailsys1a.net\/c\/66\/8248567\/80\/0\/5679815\/6966\/728559\/86721a1fef.html\" target=\"_blank\" rel=\"noopener\">\u201eAlon Gat &#8211; wie er den 7. Oktober \u00fcberlebte<\/a><\/u>&#8220; erfahren Sie, welche Botschaft die Hamas f\u00fcr die Menschen in Deutschland hat.<\/strong> Dabei riskieren die wahren Freiheitsk\u00e4mpfer im Gazastreifen bei Protesten Ihre Leben! <em>(Foto: Eine Pro-Pal\u00e4stina-Demo am 9. Oktober 2023. Zu sehen ist auch der Slogan &#8222;From the River to the Sea, Palestine will be free&#8220;, der zur Vernichtung Israels aufruft. Wikipedia)<\/em><\/p>\n\n\n\n<h2 class=\"wp-block-heading\">Hamas und T\u00fcrkei: Aufrufe zur Gewalt gegen Israel<\/h2>\n\n\n\n<p><strong>Erdogan betet f\u00fcr Vernichtung Israels, Hamas ruft zu weltweitem Terror auf!<\/strong><\/p>\n\n\n\n<p><a href=\"https:\/\/rettung-fuer-deutschland.de\/blog\/seit-22-01-2015-ruft-der-tuerkische-staatspraesident-erdogan-jaehrlich-bis-heute-immer-wieder-oeffentlich-zum-krieg-gegen-israel-auf\/\" target=\"_blank\" rel=\"noopener\"><img loading=\"lazy\" decoding=\"async\" class=\"alignright size-medium\" src=\"https:\/\/www.rettung-fuer-deutschland.de\/foto-wp-erdogan-aufruf-krieg-gegen-israel-um-jerusalem-250x246.jpg\" width=\"250\" height=\"246\"\/><\/a>\n<strong>Das ist passiert:<\/strong><br \/>\nZum Abschluss des islamischen Zuckerfests am Sonntag betete der t\u00fcrkische Pr\u00e4sident Recep Tayyip Erdo\u011fan \u00f6ffentlich f\u00fcr die Vernichtung Israels. <strong><em>\u201eM\u00f6ge mein Gott [Allah] Zerst\u00f6rung und Elend \u00fcber das zionistische Israel bringen\u201c<\/em><\/strong>, lautete seine Forderung.<\/p>\n\n\n\n<p>Die Hamas nutzte das Zuckerfest, um Sympathisanten weltweit zu Terroranschl\u00e4gen aufzurufen. <strong><em>\u201eJeder muss handeln, der irgendwo auf der Welt eine Waffe tragen kann. Haltet keine Bombe, keine Patrone, kein Messer und keinen Stein zur\u00fcck!\u201c<\/em><\/strong>, lautet der Aufruf des Hamas-Funktion\u00e4rs Sami Abu Suhri. Der weltweite Terroraufruf ist auch eine Reaktion auf ein Angebot des israelischen Regierungschefs Benjamin Netanjahu. Dieser hatte am Sonntag Hamas-Terroristen freies Geleit zum Verlassen des Gazastreifens angeboten, wenn sie die Waffen niederlegen und die Geiseln freilassen.<\/p>\n\n\n\n<p><strong>Das sollten Sie wissen:<\/strong><br \/>\nW\u00e4hrend der t\u00fcrkische Regierungschef f\u00fcr die Vernichtung Israels betete, stand Ali Erbas neben ihm, der Chef der t\u00fcrkischen Religionsbeh\u00f6rde. Erbas ist die religi\u00f6se Autorit\u00e4t der DITIB in Deutschland und hier f\u00fcr die Imane zust\u00e4ndig, kontrolliert und lenkt diese Religionsgemeinschaft. Imane der DITIB in Deutschland sind zudem Absolventen t\u00fcrkischer staatlicher theologischer Hochschulen. Sie sind Beamte des t\u00fcrkischen Staates und werden auch von diesem bezahlt.<\/p>\n\n\n\n<p><strong>Neben dem Iran geh\u00f6rt die T\u00fcrkei zu den gr\u00f6\u00dften Unterst\u00fctzern der Hamas, deren K\u00e4mpfer auch in t\u00fcrkischen Krankenh\u00e4usern behandelt werden. Erdo\u011fan bezeichnet die Hamas als <em>\u201eBefreiungsorganisation\u201c<\/em>.<\/strong><\/p>\n\n\n\n<p><strong>Darum ist es wichtig:<\/strong><br \/>\nDie Hamas ist durch die Erfolge der israelischen Armee stark geschw\u00e4cht &#8211; allerdings nur im Gazastreifen. Im Ausland hat sie weiter viele Unterst\u00fctzer und Sympathisanten. Es ist der Hamas in den letzten Jahren gelungen, Netzwerke und geheime Waffenlager in Europa aufzubauen, laut Generalbundesanwaltschaft. <strong>Gerade Deutschland galt jahrzehntelang als sicherer R\u00fcckzugsort der Hamas,<\/strong> die hier erst nach dem 7. Oktober 2023 verboten wurde. Bis dahin konnte die Terrororganisation in Deutschland offen Spenden sammeln und Mitglieder anwerben. Warnungen Israels wurden ignoriert.<\/p>\n\n\n\n<p><strong>Das \u201eGebet\u201c des t\u00fcrkischen Pr\u00e4sidenten, der \u00fcber die DITIB gro\u00dfen Einfluss auf die islamische Gemeinde in Deutschland aus\u00fcbt, und der Gewaltaufruf der Hamas k\u00f6nnten nun verst\u00e4rkt zu Anschl\u00e4gen in Deutschland motivieren.<\/strong> Volker Beck, Pr\u00e4sident der Deutsch-Israelischen Gesellschaft (DIG), forderte eine intensive \u00dcberwachung durch den Verfassungsschutz aller Organisationen in Deutschland, die direkt unter Erdo\u011fans Einfluss stehen, darunter neben der DITIB auch die Union Internationaler Demokraten (UID). &#8211; <strong><a href=\"https:\/\/tbdae78fc.emailsys1a.net\/c\/66\/8248567\/80\/0\/5679815\/6966\/728979\/6035170268.html\" target=\"_blank\" rel=\"noopener\">Mehr lesen: Gaza &#8211; Proteste gegen Krieg und Hamas<\/a><\/strong><\/p>\n\n\n\n<h2 class=\"wp-block-heading\">Sonderflug aus Gaza nach Leipzig<\/h2>\n\n\n\n<p><a href=\"https:\/\/faszinationisrael.de\/index.php\/component\/content\/article\/101-antisemitismus-wo-sind-die-grenzen\" target=\"_blank\" rel=\"noopener\"><img loading=\"lazy\" decoding=\"async\" class=\"alignright size-medium\" src=\"https:\/\/www.rettung-fuer-deutschland.de\/foto-wp-flug-gaza-leipzig-palaestinenser-250x250.jpg\" width=\"250\" height=\"250\"\/><\/a><strong>Ein Sonderflug brachte am Dienstagabend Bewohner aus dem Gazastreifen nach Leipzig. Wie viele Pal\u00e4stinenser an Bord waren, ist unklar.<\/strong><\/p>\n\n\n\n<p>Laut israelischen Medienberichten wurden hunderte Menschen nach Leipzig ausgeflogen. Begleitet wurden die Passagiere offenbar von deutschen Diplomaten. Laut israelischen Berichten gab es in j\u00fcngster Zeit zehn weitere solcher Fl\u00fcge in andere L\u00e4nder. <em>(Foto: Symbolbild, pixabay)<\/em><\/p>\n\n\n\n<p>Das deutsche Ausw\u00e4rtige Amt best\u00e4tigte den Sonderflug nach Leipzig, dementierte aber, dass es sich um hunderte Passagiere gehandelt habe. Es seien lediglich 19 Personen mit deutscher Staatsangeh\u00f6rigkeit und deren enge Familienangeh\u00f6rige nach Deutschland geholt worden. &#8211; <strong><a href=\"https:\/\/tbdae78fc.emailsys1a.net\/c\/66\/8248567\/80\/0\/5679815\/6966\/728981\/3a390425e1.html\" target=\"_blank\" rel=\"noopener\">Mehr lesen: Luxushotels statt Terrortunnel?<\/a><\/strong><\/p>\n\n\n\n<h2 class=\"wp-block-heading\">Drusen aus Syrien zu Besuch in Israel<\/h2>\n\n\n\n<p><a href=\"https:\/\/de.icej.org\/der-sicherheit-israels-verpflichtet-die-drusen\" target=\"_blank\" rel=\"noopener\"><img loading=\"lazy\" decoding=\"async\" class=\"alignright size-medium\" src=\"https:\/\/www.rettung-fuer-deutschland.de\/foto-wp-drusen-besuchen-israel-250x250.jpg\" width=\"250\" height=\"250\"\/><\/a><strong>Drusische Geistliche aus Syrien besuchten vor kurzem Israel \u2013 zum ersten Mal seit 1984.<\/strong><\/p>\n\n\n\n<p>Die syrischen Drusen besuchten Gr\u00e4ber von drusischen Geistlichen, trafen sich mit anderen Geistlichen und besuchten eine Einweihungszeremonie f\u00fcr zwei Gebetsh\u00e4user. W\u00e4hrend ihres Besuchs wurden sie von drusischen Sanit\u00e4tern des israelischen Rettungsdiensts Magen-David-Adom (MDA) begleitet. <em>(Foto: Besuch der syrischen Drusen, @magen-david-adom Instagram)<\/em><\/p>\n\n\n\n<p>Die drusische Gemeinschaft in Israel steht dem j\u00fcdischen Staat loyal zur Seite. Seit Islamisten die Macht in Syrien \u00fcbernommen haben, sch\u00fctzt Israel auch in Syrien drusische Ortschaften So wurde auch der Besuch der syrischen Drusen in Israel m\u00f6glich. &#8211; <strong><a href=\"https:\/\/tbdae78fc.emailsys1a.net\/c\/66\/8248567\/80\/0\/5679815\/6966\/729028\/1eab648d32.html\" target=\"_blank\" rel=\"noopener\">Mehr lesen: Der Sicherheit Israels verpflichtet: Die Drusen<\/a><\/strong><\/p>\n\n\n\n<h2 class=\"wp-block-heading\">Netanjahu in Ungarn \u2013 trotz internationalem Haftbefehl<\/h2>\n\n\n\n<p><a href=\"https:\/\/faszinationisrael.de\/index.php\/component\/content\/article\/101-antisemitismus-wo-sind-die-grenzen\" target=\"_blank\" rel=\"noopener\"><img loading=\"lazy\" decoding=\"async\" class=\"alignright size-medium\" src=\"https:\/\/www.rettung-fuer-deutschland.de\/foto-wp-netanjahu-israel-besuch-ungarn-250x248.jpg\" width=\"250\" height=\"248\"\/><\/a><strong>Seit Donnerstag ist Israels Ministerpr\u00e4sident Benjamin Netanjahu zu Gast in Ungarn.<\/strong><\/p>\n\n\n\n<p>Eigentlich m\u00fcsste die ungarische Regierung Netanjahu festnehmen lassen, da der Internationale Strafgerichtshofs (IStGH) einen Haftbefehl gegen ihn wegen &#8222;mutma\u00dflicher Kriegsverbrechen im Gazastreifen&#8220; erlassen hat. Der Haftbefehl ist umstritten und wird weltweit kritisiert. <em>(Foto: Netanjahu und Orb\u00e1n am Donnerstag, @b.netanyahu Instagram )<\/em><\/p>\n\n\n\n<p>Am Donnerstag teilte der Stabschef von Ministerpr\u00e4sident Viktor Orb\u00e1n mit, dass Ungarn aus den Statuten des Internationalen Strafgerichtshofs austreten werde. &#8211; <strong><a href=\"https:\/\/tbdae78fc.emailsys1a.net\/c\/66\/8248567\/80\/0\/5679815\/6966\/729378\/75ba4f07c4.html\" target=\"_blank\" rel=\"noopener\">Mehr lesen: Hintergr\u00fcnde zum Haftantrag gegen Netanjahu und Galant<\/a><\/strong><\/p>\n\n\n\n<h2 class=\"wp-block-heading\">Todesstrafe f\u00fcr M\u00f6rder von Rabbiner Zvi Kogan<\/h2>\n\n\n\n<p>><a href=\"https:\/\/faszinationisrael.de\/index.php\/component\/content\/article\/101-antisemitismus-wo-sind-die-grenzen\" target=\"_blank\" rel=\"noopener\"><img loading=\"lazy\" decoding=\"async\" class=\"alignright size-medium\" src=\"https:\/\/www.rettung-fuer-deutschland.de\/foto-wp-dubai-city-250x250.jpg\" width=\"250\" height=\"250\"\/><\/a><strong>Im November wurde der Chabad-Rabbiner in den Vereinigten Arabischen Emiraten entf\u00fchrt und ermordet. Er betrieb dort einen koscheren Supermarkt in Dubai.<\/strong><\/p>\n\n\n\n<p>Laut israelischen Medienberichten sind die T\u00e4ter usbekische Staatsb\u00fcrger. Sie flohen nach dem Mord in die T\u00fcrkei, wo sie festgenommen und an die Emirate ausgeliefert wurden. Drei M\u00e4nner wurden von einem Gericht in den Emiraten zum Tode verurteilt, ein vierter Angeklagter wurde zu einer lebensl\u00e4nglichen Haftstrafe verurteilt, berichtet die staatliche Nachrichtenagentur WAM. <em>(Foto: Dubai, Symbolbild, pixabay)<\/em> &#8211; <strong><a href=\"https:\/\/tbdae78fc.emailsys1a.net\/c\/66\/8248567\/80\/0\/5679815\/6966\/729030\/a62bcab2b3.html\" target=\"_blank\" rel=\"noopener\">Mehr lesen: Israel unterzeichnet Friedensabkommen mit VAE, Bahrain<\/a><\/strong><\/p>\n\n\n\n<h2 class=\"wp-block-heading\">Booklet &#8222;Nichts gegen Juden, aber &#8230;&#8220;<\/h2>\n\n\n\n<p><a href=\"https:\/\/de.icej.org\/christliche-magazine\/publikationen\" target=\"_blank\" rel=\"noopener\"><img loading=\"lazy\" decoding=\"async\" class=\"alignright size-medium\" src=\"https:\/\/www.rettung-fuer-deutschland.de\/foto-wp-juden-antisemitismus-broschuere-250x345.jpg\" width=\"250\" height=\"345\"\/><\/a><strong>Hintergr\u00fcnde und Handlungstipps zum Thema Antisemitismus &#8211; unser neues Booklet zum Verteilen in Gemeinden, Hauskreisen, Schulen.<\/strong><\/p>\n\n\n\n<p>80 Jahre nach der Schoa hat Antisemitismus erneut unsere Stra\u00dfen und Unis erobert. Niemand wird einmal sagen k\u00f6nnen, er h\u00e4tte nichts gemerkt vom neuen Unrecht, das Juden in unserer Mitte angetan wird. Viel zu lange wurde diese Entwicklung toleriert und ignoriert.<\/p>\n\n\n\n<p>Unsere handliches Booklet (DIN A6) ist ab sofort bestellbar. <strong><a href=\"https:\/\/tbdae78fc.emailsys1a.net\/c\/66\/8248567\/80\/0\/5679815\/6966\/728591\/4829ad232e.html\" target=\"_blank\" rel=\"noopener\">Kostenlos bestellen<\/a><a href=\"https:\/\/tbdae78fc.emailsys1a.net\/c\/66\/8248567\/80\/0\/5679815\/6966\/728554\/7253bc3181.html\" target=\"_blank\" rel=\"noopener\"><\/a> &#8211; 10, 20, 50, 100 oder mehr Exemplare zum Verteilen und Auslegen. Gerne kommen wir auch f\u00fcr einen Vortrag zum Thema Antisemitismus in Ihre Gemeinde. <a href=\"https:\/\/tbdae78fc.emailsys1a.net\/c\/66\/8248567\/80\/0\/5679815\/6966\/728591\/4829ad232e.html\" target=\"_blank\" rel=\"noreferrer noopener\"><strong>&#8222;Nichts gegen Juden, aber &#8230;&#8220; &#8211; kostenlos bestellen!<\/strong><\/a><\/strong> &#8211; <em>(Quelle: <a href=\"https:\/\/tbdae78fc.emailsys1a.net\/c\/66\/8248567\/80\/0\/5679815\/6966\/728541\/267f19bf79.html\" target=\"_blank\" rel=\"noreferrer noopener\">ICEJ-Deutscher Zweig e.V.<\/a>, Postfach 400771, 70407 Stuttgart)<\/em><\/p>\n\n\n\n<p><a href=\"https:\/\/ichthys-consulting.de\/blog\/wer-israel-segnet-ist-von-gott-gesegnet\/\" target=\"_blank\" rel=\"noopener\"><img loading=\"lazy\" decoding=\"async\" class=\"alignnone size-medium\" src=\"https:\/\/www.rettung-fuer-deutschland.de\/foto-wp-gottes-sicht-israel-juden-620x561.jpg\" width=\"620\" height=\"561\"\/><\/a><\/p>\n\n\n\n<p><img loading=\"lazy\" decoding=\"async\" class=\"alignnone size-medium\" src=\"https:\/\/www.ichthys-consulting.de\/grafik-wp-strich-rot-620x10.gif\" width=\"620\" height=\"10\"\/><br \/>\n<strong><span style=\"font-size: 16px;\"><span style=\"color: #d63c42;\">Wer Krieg gegen Israel f\u00fchrt, egal in welcher Form, f\u00fchrt Krieg gegen GOTT!<\/span><\/span><\/strong><br \/>\nBibel, AT, Sacharja 2,12: Denn so spricht GOTT, der HERR Zebaoth, der mich gesandt hat, \u00fcber die V\u00f6lker, die euch (ISRAEL) beraubt haben: <strong><em>\u201eWer euch (ISRAEL) antastet, der tastet meinen Augapfel an\u201c<\/em><\/strong>.<br \/>\n<br \/>\n<strong><em><span style=\"font-size: 16px;\"><span style=\"color: #d63c42;\">\u201eIch (GOTT) will segnen, die dich (Israel) segnen, und verfluchen, die dich (Israel) verfluchen; und in dir (Israel) sollen gesegnet werden alle Geschlechter auf Erden\u201c<\/span><\/span><\/em><\/strong> (Bibel, AT, 1. Mose 12,3).<br \/>\n<img loading=\"lazy\" decoding=\"async\" class=\"alignnone size-medium\" src=\"https:\/\/www.ichthys-consulting.de\/grafik-wp-strich-rot-620x10.gif\" width=\"620\" height=\"10\"\/><\/p>\n\n\n\n<p><a href=\"https:\/\/www.rettung-fuer-deutschland.de\/download-israel-presseartikel-rfd-ichthys-consulting.pdf\" target=\"_blank\" rel=\"noopener\"><img loading=\"lazy\" decoding=\"async\" class=\"alignnone size-medium\" src=\"https:\/\/www.rettung-fuer-deutschland.de\/grafik-wp-israel-presseartikel-pdf-liste-620x210.jpg\" width=\"620\" height=\"210\"\/><\/a><\/p>\n\n\n<img loading=\"lazy\" decoding=\"async\" class=\"alignnone size-medium\" src=\"https:\/\/www.rettung-fuer-deutschland.de\/grafik-wp-strich-brd-620x10.gif\" width=\"620\" height=\"10\"\/>\n<p><a href=\"https:\/\/www.rettung-fuer-deutschland.de\" target=\"_blank\" rel=\"noopener noreferrer\"><img loading=\"lazy\" decoding=\"async\" class=\"alignleft\" src=\"https:\/\/www.rettung-fuer-deutschland.de\/grafik-logo-rfd-35x35.jpg\" width=\"35\" height=\"35\"\/><\/a><strong><a title=\"RFD Rettung f\u00fcr Deutschland\" href=\"https:\/\/www.rettung-fuer-deutschland.de\" target=\"_blank\" rel=\"noopener noreferrer\"><span style=\"color: #000080\">RfD Rettung f\u00fcr Deutschland<\/span><\/a><\/strong> &#8211; <a href=\"https:\/\/www.50-erfolgsgrundlagen.de\" target=\"_blank\" rel=\"noopener noreferrer\"><img loading=\"lazy\" decoding=\"async\" class=\"alignright\" src=\"https:\/\/www.50-erfolgsgrundlagen.de\/grafik-wp-buch-titelseite-71x100.jpg\" width=\"71\" height=\"100\"\/><\/a>Mehr von Autor Uwe Melzer lesen Sie im Buch Wirtschaftshandbuch &amp; Ratgeber f\u00fcr den beruflichen Alltag mit dem Titel: <strong><a href=\"https:\/\/www.50-erfolgsgrundlagen.de\" target=\"_blank\" rel=\"noopener noreferrer\"><span style=\"color: #000080\">50 biblische Erfolgsgrundlagen im Gesch\u00e4ftsleben.<\/span><\/a><\/strong> Dieses Buch\/eBook ist erschienen im <strong><a href=\"https:\/\/www.epubli.de\/shop\/autor\/Uwe-Melzer\/2518\" target=\"_blank\" rel=\"noopener noreferrer\"><span style=\"color: #000080\">epubli-Verlag unter Buch-ISBN: 978-3-756537-33-4 und eBook\/ePUB-ISBN: 978-3-756538-25-6.<\/span><\/a><\/strong><\/p>\n<p><a href=\"https:\/\/www.rettung-fuer-deutschland.de\" target=\"_blank\" rel=\"noopener noreferrer\"><img loading=\"lazy\" decoding=\"async\" class=\"alignleft\" src=\"https:\/\/www.rettung-fuer-deutschland.de\/grafik-wp-deutschlandflagge-am-mast-rfd-logo-280x140.jpg\" alt=\"\" width=\"280\" height=\"140\"\/><\/a><strong><a title=\"Rettung &amp; Vision f\u00fcr Deutschland\" href=\"https:\/\/www.rettung-fuer-deutschland.de\" target=\"_blank\" rel=\"noopener noreferrer\"><span style=\"color: #000080\">Rettung &amp; Vision f\u00fcr Deutschland<\/span><\/a><\/strong><br \/>\nE-Mail: <a href=\"mailto:rfd@rettung-fuer-deutschland.de\"><span style=\"color: #000080\">rfd@rettung-fuer-deutschland.de<\/span><\/a><br \/>\nInternet: <a href=\"https:\/\/www.rettung-fuer-deutschland.de\" target=\"_blank\" rel=\"noopener noreferrer\"><span style=\"color: #000080\">www.rettung-fuer-deutschland.de<\/span><\/a><\/p>\n<p><a class=\"twitter-share-button\" href=\"https:\/\/twitter.com\/share\" data-url=\"https:\/\/rettung-fuer-deutschland.de\/blog\/hamas-wohlfuhloase-deutschland-tuerkei-aufruf-gewalt-gegen-israel\/\" data-text=\"#Hamas in der #Wohlf\u00fchloase #Deutschland &#038; #T\u00fcrkei #Aufrufe zur #Gewalt gegen #Israel! \u2026 vollst\u00e4ndigen #Presseartikel lesen bei #WordPress:\" data-lang=\"de\">Twittern<\/a> <a href=\"https:\/\/www.xing.com\/spi\/shares\/new?follow_url=https:\/\/www.xing.com\/profile\/Uwe_Melzer2&amp;sc_p=b7910_cb&amp;url=https:\/\/rettung-fuer-deutschland.de\/blog\/hamas-wohlfuhloase-deutschland-tuerkei-aufruf-gewalt-gegen-israel\/\" target=\"_blank\" rel=\"noopener noreferrer\"><img decoding=\"async\" src=\"https:\/\/www.rettung-fuer-deutschland.de\/grafik-xing-button-60x20.jpg\" alt=\"\" border=\"0\"\/><\/a> <script src=\"\/\/platform.linkedin.com\/in.js\" type=\"text\/javascript\">lang: de_DE<\/script><script type=\"IN\/Share\" data-url=\"https:\/\/rettung-fuer-deutschland.de\/blog\/hamas-wohlfuhloase-deutschland-tuerkei-aufruf-gewalt-gegen-israel\/\"><\/script><\/p>\n<div class=\"fb-like\" data-href=\"https:\/\/rettung-fuer-deutschland.de\/blog\/hamas-wohlfuhloase-deutschland-tuerkei-aufruf-gewalt-gegen-israel\/\" data-width=\"200\" data-layout=\"\" data-action=\"\" data-size=\"\" data-share=\"true\"><\/div>","protected":false},"excerpt":{"rendered":"<p>\u201eIch will segnen, die dich (Israel) segnen, und verfluchen, die dich (Israel) verfluchen &#8230;&#8220; (Bibel, AT,1. Mose 12,3) Wo sind sie denn jetzt, die Free-Palestine-Aktivisten? Hamas-Terroristen haben einen Anf\u00fchrer der Gaza-Freiheitsbewegung entf\u00fchrt und gefoltert. Vier Stunden lang. Sie filmten und posteten ihr Verbrechen. Dann warfen sie die \u00fcbel zugerichtete Leiche des 22-J\u00e4hrigen seiner Familie vor die F\u00fc\u00dfe, als Botschaft f\u00fcr alle Hamas-Kritiker. Tausende Pal\u00e4stinenser protestieren seit Tagen im Gazastreifen. Sie schreien: \u201eHamas raus!\u201c, \u201eHamas sind Terroristen\u201c und \u201eWeg mit Al-Jazeera\u201c. Manche wagen sogar, die Freilassung der israelischen Geiseln zu fordern. Aber es passt nicht ins Bild unserer deutschen \u201eFree-Palestine-Aktivisten\u201c, wenn Pal\u00e4stinenser von islamistischen Terroristen befreit werden wollen und die Terrororganisation als Verursacher der katastrophalen Lage im Gazastreifen benennen. Das Schweigen der Pro-Pal\u00e4stina-Szene zeigt einmal mehr: Nicht die Sorge um die Menschen im Gazastreifen treibt sie auf die Stra\u00dfe, sondern einzig und allein ihr antisemitischer Hass auf Israel. \u2026 vollst\u00e4ndigen Presseartikel lesen bei WordPress: https:\/\/rettung-fuer-deutschland.de\/blog\/hamas-wohlfuhloase-deutschland-tuerkei-aufruf-gewalt-gegen-israel\/<\/p>\n","protected":false},"author":1,"featured_media":0,"comment_status":"open","ping_status":"open","sticky":false,"template":"","format":"standard","meta":{"footnotes":""},"categories":[1,19,4056,4,3932,4694,3,3933,49],"tags":[1269,5277,5279,1937,2125,1722,4145,2552,1833,1563,2544,828,811,838,3979,5278,1548,1720,5276],"class_list":["post-12930","post","type-post","status-publish","format-standard","hentry","category-allgemein","category-deutschland","category-europa","category-gesellschaft","category-israel","category-krieg","category-politik","category-tuerkei-erdogan","category-welt","tag-antisemitismus","tag-aufrufe","tag-booklet","tag-deutschland","tag-ditib","tag-erdogan","tag-gaza","tag-geiseln","tag-gewalt","tag-hamas","tag-hass","tag-israel","tag-juden","tag-krieg","tag-netanjahu","tag-sonderflug","tag-terroristen","tag-tuerkei","tag-wohlfuehloase"],"_links":{"self":[{"href":"https:\/\/rettung-fuer-deutschland.de\/blog\/wp-json\/wp\/v2\/posts\/12930","targetHints":{"allow":["GET"]}}],"collection":[{"href":"https:\/\/rettung-fuer-deutschland.de\/blog\/wp-json\/wp\/v2\/posts"}],"about":[{"href":"https:\/\/rettung-fuer-deutschland.de\/blog\/wp-json\/wp\/v2\/types\/post"}],"author":[{"embeddable":true,"href":"https:\/\/rettung-fuer-deutschland.de\/blog\/wp-json\/wp\/v2\/users\/1"}],"replies":[{"embeddable":true,"href":"https:\/\/rettung-fuer-deutschland.de\/blog\/wp-json\/wp\/v2\/comments?post=12930"}],"version-history":[{"count":4,"href":"https:\/\/rettung-fuer-deutschland.de\/blog\/wp-json\/wp\/v2\/posts\/12930\/revisions"}],"predecessor-version":[{"id":13100,"href":"https:\/\/rettung-fuer-deutschland.de\/blog\/wp-json\/wp\/v2\/posts\/12930\/revisions\/13100"}],"wp:attachment":[{"href":"https:\/\/rettung-fuer-deutschland.de\/blog\/wp-json\/wp\/v2\/media?parent=12930"}],"wp:term":[{"taxonomy":"category","embeddable":true,"href":"https:\/\/rettung-fuer-deutschland.de\/blog\/wp-json\/wp\/v2\/categories?post=12930"},{"taxonomy":"post_tag","embeddable":true,"href":"https:\/\/rettung-fuer-deutschland.de\/blog\/wp-json\/wp\/v2\/tags?post=12930"}],"curies":[{"name":"wp","href":"https:\/\/api.w.org\/{rel}","templated":true}]}}