{"id":1294,"date":"2015-09-16T16:21:35","date_gmt":"2015-09-16T14:21:35","guid":{"rendered":"http:\/\/rettung-fuer-deutschland.de\/blog\/?p=1294"},"modified":"2019-11-27T09:50:35","modified_gmt":"2019-11-27T08:50:35","slug":"muslime-ja-aber-der-islam-gehoert-wirklich-nicht-zu-deutschland","status":"publish","type":"post","link":"https:\/\/rettung-fuer-deutschland.de\/blog\/muslime-ja-aber-der-islam-gehoert-wirklich-nicht-zu-deutschland\/","title":{"rendered":"Islam geh\u00f6rt nicht zu Deutschland! Frau Bundeskanzlerin Dr. Angela Merkel nehmen Sie bitte den Satz zur\u00fcck: &#8222;Der Islam geh\u00f6rt zu Deutschland.&#8220;"},"content":{"rendered":"<a href=\"https:\/\/rettung-fuer-deutschland.de\/blog\/?p=1294\"><img loading=\"lazy\" decoding=\"async\" src=\"https:\/\/www.rettung-fuer-deutschland.de\/foto-wp-merkel-atatuerk-islam-gehoert-zu-deutschland-620x620.jpg\" width=\"620\" height=\"620\" class=\"alignnone\"\/><\/a>\n\n<strong>Frau Bundeskanzlerin Dr. Angela Merkel nehmen Sie bitte den Satz zur\u00fcck: <font color=\"#FF0000\">\u201cDer Islam geh\u00f6rt zu Deutschland.\u201c<\/font> Der ehemalige Bundespr\u00e4sident Wulf wurde wegen dieses Satzes von GOTT seines Amtes enthoben. Ihnen droht damit leider das gleiche Schicksal! &#8211; Wollen Sie das wirklich riskieren? &#8211;<\/strong>\n\n<strong>Die w\u00f6rtliche Aussage von Frau Dr. Merkel: <em>&#8222;Der Islam geh\u00f6rt zu Deutschland&#8220;<\/em> ist ein Freibrief daf\u00fcr, dass der Islam mit allen seinen negativen Begleiterscheinungen sich ungehindert in Deutschland verbreiten kann. Viele sehen darin einen Hochverrat an der gesamtdeutschen Geschichte. Merkel gibt damit zu, dass Deutschland islamischer wird.<\/strong>\n\nAuf der Pressekonferenz am 12. Januar 2015 in Berlin anl\u00e4sslich des Besuches des t\u00fcrkischen Ministerpr\u00e4sidenten Ahmet Davuto\u011flu sagte Frau Bundeskanzlerin Dr.  Angela Merkel w\u00f6rtlich: <strong><em><span style=\"color:#d63c42\">&#8222;Der Islam geh\u00f6rt zu Deutschland \u2013 und das ist so, dieser Meinung bin ich auch.&#8220;<\/span><\/em><\/strong>\n\nWas m\u00f6gen wohl die Beweggr\u00fcnde gewesen sein, dass zuerst der damalige <strong>Bundespr\u00e4sident Wulf<\/strong> und nun die <strong>Bundeskanzlerin Angela Merkel<\/strong> mehrmals \u00f6ffentlich verk\u00fcnden: <strong>&#8222;Der Islam geh\u00f6rt zu Deutschland&#8220;?<\/strong> Daf\u00fcr gibt es weder historische noch gegenw\u00e4rtige Grundlagen. Es ist nicht vorstellbar, dass beide Politiker nicht w\u00fcssten, wof\u00fcr der Islam in seinem ureigensten Wesen steht. Sie kennen doch die Problemstellungen der L\u00e4nder, in denen der Islam alle Gesellschaftsbereiche bestimmt.\n\n<strong>Ist der politische Druck, \u201epolitically correct&#8220; zu sein, tats\u00e4chlich so gro\u00df, dass man \u00f6ffentlich eine so gef\u00e4hrliche Aussage trifft?<\/strong>\n\n<a href=\"https:\/\/www.zwiezukunft.de\/z.htm\"><img loading=\"lazy\" decoding=\"async\" src=\"https:\/\/www.rettung-fuer-deutschland.de\/foto-wp-islam-gehoert-nicht-zu-deutschland-620x266.jpg\" title=\"Muslime ja, aber der Islam geh\u00f6rt wirklich nicht zu Deutschland!\" width=\"620\" height=\"266\" class=\"alignnone\"\/><\/a>\n\n<strong>Der Koran ist Basis aller Moslems und Islamisten, egal welcher Glaubensrichtung.<\/strong>\nJedes mal wenn Diskussionen stattfinden wird beteuert, dass der Islam eine friedliche Religion sei auch wenn das teilweise total im Widerspruch mit Teilen der in Europa ans\u00e4ssigen Gl\u00e4ubigen steht. Selbstverst\u00e4ndlich sollte man nicht alle in einen Topf werfen aber die letzten Monate \u00fcberfluteten uns mit Gewalttaten grausamster Art die von genau diesen Volksgruppen ver\u00fcbt worden sind. Finden heute irgendwelche Diskussionen statt wird grunds\u00e4tzlich die friedliche Absicht beteuert und komischerweise wird nirgendwo nachgepr\u00fcft wie es eigentlich um den Frieden wirklich steht. In Talkshows beteuern Imame oder Sprecher muslimischer Vereinigungen: &#8222;Islam bedeutet Frieden&#8220;. Aber sie sagen nicht dazu, dass dieses Verst\u00e4ndnis von Frieden erst dann einkehren kann, wenn die ganze Welt dem Islam unterworfen ist. <strong>Denn in Wahrheit hei\u00dft Islam&#8220; Unterwerfung&#8220;.<\/strong>\n\n<strong>\u201eEs gibt keinen Islam und Islamismus. Es gibt nur einen Islam. Wer etwas anderes sagt, beleidigt den Islam.\u201c<\/strong> &#8211; Recep Erdogan, t\u00fcrkischer Pr\u00e4sident, 2008!\u201c Es ist ein gro\u00dfer Irrtum zu glauben es g\u00e4be einen friedlichen Islam, weil es  viele unterschiedliche Pr\u00e4gungen des Islam g\u00e4be. Da gibt es friedliche, gem\u00e4\u00dfigte und Radikale. Es gibt z.B. Sunniten und Schiiten. Aber alle haben eins gemeinsam. Sie lesen (sofern Sie \u00fcberhaupt den Koran gelesen haben) alle den gleichen Koran. Berufen sich alle auf den Propheten Mohammed und die Scharia nach dem Koran. Da gibt es keinen Unterschied. Das ist wie die evangelische und katholische Religion in Deutschland. Alle haben die gleiche Bibel. Und damit haben alle die Gleiche Glaubensgrundlage und das gleiche Fundament. Das gilt sowohl f\u00fcr den Koran und den Islam, als auch f\u00fcr die Christen mit der Bibel.\n\n<strong>F\u00fcr alle Richtungen, Gruppierungen, Absplitterungen, Str\u00f6mungen usw. im Islam oder bei den Moslems ist der Koran die Basis des Glaubens.<\/strong>\nF\u00fcr alle steht im Koran das Gleiche. Wenn jemand den Koran liest und ernst nimmt, dann m\u00fcsste er eigentlich direkt zum islamischen Terroristen werden. Der Koran beginnt friedlich und hat friedliche Suren. Aber jeder Koranlehrer und jeder Islamlehrer wird ihnen best\u00e4tigen, dass jede nachfolgende Sure die vorhergehende Sure ersetzt.\n\n<strong>Der Koran endet kriegerisch und fordert, dass alle Menschen zum Koran konvertieren m\u00fcssen oder get\u00f6tet werden m\u00fcssen.<\/strong>\n\nDas ist leider das zentrale Thema im Koran und eine bittere Wahrheit. Israel muss seit seiner Gr\u00fcndung und der Verhei\u00dfung von GOTT des Landes Israel als Heimat der Juden seit Jahrtausenden Krieg zur eigenen Verteidigung f\u00fchren, um nicht vernichtet zu werden. Nur darum handeln alle kriegerischen Auseinandersetzungen im Alten Testament der Bibel, das f\u00fcr Juden und Christen gilt. Die Kreuzz\u00fcge im Mittelalter stehen nirgendwo in der Bibel und wurden weder von GOTT noch von Jesus Christus befohlen. Dies war die alleinige Entscheidung eines religi\u00f6sen Oberhauptes der katholischen Kirche, der Papst. Die P\u00e4pste zur damaligen Zeit haben regiert mit Machtanspr\u00fcchen wie normale K\u00f6nige und Kaiser. Sie waren damit weder Christen noch Stellvertreter GOTTES auf dieser Erde. Denn GOTT ist nicht religi\u00f6s. GOTT erleben geht nur \u00fcber Glauben, aber nicht \u00fcber Religion. Der Islam dagegen f\u00fchrt weltweit Eroberungskriege um L\u00e4nder, Staaten und Menschen mit Gewalt und Unterdr\u00fcckung zum Islam zu bekehren. Auch das ist eine bittere Wahrheit. Nachpr\u00fcfen kann das jeder selbst in den t\u00e4glichen Nachrichten. Bis auf den Krieg in der Ukraine wurden alle heutigen kriegerischen Auseinandersetzungen von Moslems und Islamisten begonnen, egal welcher Glaubensrichtung, denn alle haben den gleichen Koran. Presseartikel bei WordPress: <strong><a href=\"https:\/\/ichthys-consulting.de\/blog\/?p=1677\"><font color=\"#000080\">Islam und Christentum \u2013 Was ist die Motivation der islamischen Fundamentalisten?<\/font><\/a><\/strong>\n\n<strong>Die Kreuzz\u00fcge der katholischen Kirche geschahen auch aus wirtschaftlichen Gr\u00fcnden, weil vorher wiederholt die gesamte Region um Jerusalem vom Islam angegriffen und gepl\u00fcndert wurde. Die Kreuzz\u00fcge waren eine Reaktion darauf. <\/strong>\n\n<strong>Islamische Kriege und Kreuzz\u00fcge im Vergleich<\/strong>\nDie Kreuzz\u00fcge seitens der katholischen Kirche waren strategisch, religi\u00f6s und wirtschaftlich motivierte Kriege zwischen 1095 \u2013 1099  und bis 1187 mit <strong>insgesamt \u201enur\u201c 12 Kriegen<\/strong>. Zeitlich und r\u00e4umlich beschr\u00e4nkt auf die Region um Israel.\n\n<strong>Islam dagegen seit dem Jahr 635  bis heute 548 Kriege<\/strong>\nKriege des Islam gegen \u201eUngl\u00e4ubige\u201c (christliche, westliche Kultur) \u00fcber Jahrhunderte bis heute, \u00fcber die ganze Welt verteilt, \u00fcberwiegend im gesamten Mittelmeerraum, Afrika und dem Nahen Osten <strong>mit dem Ziel die Weltherrschaft f\u00fcr den Islam zu erlangen.<\/strong>\n\nLesen Sie dazu auch den Presseartikel bei WordPress: <strong><a href=\"https:\/\/ichthys-consulting.de\/blog\/?p=3499\"><font color=\"#000080\">Gegen die Behauptung das Christentum mit der Bibel sei genauso gewaltsam wie der Islam mit dem Koran \u2013 Die Gr\u00fcnde f\u00fcr die Kreuzz\u00fcge im Mittelalter.<\/font><\/a><\/strong>\n\n<a href=\"https:\/\/rettung-fuer-deutschland.de\/blog\/?p=4062\" rel=\"noopener noreferrer\" target=\"_blank\"><img loading=\"lazy\" decoding=\"async\" src=\"https:\/\/www.rettung-fuer-deutschland.de\/foto-wp-grafik-islam-umfrage-deutschland-2018-620x367.jpg\" width=\"620\" height=\"367\" class=\"alignnone size-medium\"\/><\/a>\n\n<strong>Der Koran beinhaltet \u00fcber 200 Suren, die zu Gewalt, T\u00f6tung, Folterung, Verst\u00fcmmelung an sogenannten \u201eUngl\u00e4ubigen\u201c (alle Nichtmuslime) aufrufen. <font color=\"#FF0000\">Nach der Aussage unserer Bundeskanzlerin Frau Dr. Merkel geh\u00f6rt genau dieser Islam zu Deutschland.<\/font> Nachfolgend nur eine kleine Auswahl davon: <\/strong>\n\n<strong>Koran Sure 2, Vers 193:<\/strong> Und bek\u00e4mpfet sie, bis die Verf\u00fchrung zum Unglauben (alles was nicht muslimisch ist)  aufgeh\u00f6rt hat, <strong>und der Glaube an Allah auf der ganzen Welt verbreitet ist (= Weltherrschaft des Islam). <\/strong>\n\n<strong>Koran, Sure 49: Die Gesetzgebung geb\u00fchrt niemandem au\u00dfer Allah!<\/strong> (gegen das Grundgesetzt. Kein Moslem wird deshalb das Grundgesetzt achten. Er ist verpflichtet den Koran und die Scharia \u00fcber das Grundgesetz zu stellen!)\n\n<strong>Koran, Sure 2,191:<\/strong> Und t\u00f6tet sie (d.h. die heidnischen Gegner), wo (immer) ihr sie zu fassen bekommt, und vertreibt sie, von wo sie euch vertrieben haben!\n\n<strong>Koran, Sure 9,5:<\/strong> Und wenn die heiligen Monate abgelaufen sind, dann t\u00f6tet die Heiden, wo ihr sie findet, greift sie, umzingelt sie und lauert ihnen \u00fcberall auf.\n\n<strong>Koran, Sure 8,12:<\/strong> Haut (ihnen [ den Ungl\u00e4ubigen ] mit dem Schwert) auf den Nacken und schlagt zu auf jeden Finger von ihnen!\n\n<strong>Koran, Sure 47, 4-5:<\/strong> Und wenn ihr die Ungl\u00e4ubigen (Nichtmuslime) trefft, dann herunter mit dem Haupt (Aufforderung zum K\u00f6pfen), bis ihr ein Gemetzel unter ihnen angerichtet habt; dann schn\u00fcret die Bande!\n\n<strong>Koran 5.34:<\/strong> Der Lohn derer, welche sich wider Allah und seinen Gesandten (Mohammad) emp\u00f6ren und sich bestreben, nur Verderben auf der Erde anzurichten, wird sein, da\u00df sie get\u00f6tet oder gekreuzigt oder ihnen die H\u00e4nde und F\u00fc\u00dfe an den entgegengesetzten Seiten abgehauen oder da\u00df sie aus dem Lande verjagt werden.\n\n<strong>Koran, Sure 9,29:<\/strong> K\u00e4mpft gegen diejenigen, die nicht an Allah und den j\u00fcngsten Tag glauben und nicht verbieten (oder: f\u00fcr verboten erkl\u00e4ren), was Allah und sein Gesandter verboten haben, und nicht der wahren Religion angeh\u00f6ren \u2013 von denen, die die Schrift erhalten haben \u2013 (k\u00e4mpft gegen sie), bis sie kleinlaut aus der Hand Tribut (Strafsteuer f\u00fcr alle Nichtmuslime) entrichten!\n\n<strong>Koran, Sure 98,6:<\/strong> Die Ungl\u00e4ubigen unter den Leuten des Buches (Juden und Christen): Sie sind von allen Wesen am abscheulichsten.\n\n<strong>Koran, Sure 8,55:<\/strong> Als die schlimmsten Tiere gelten bei Allah diejenigen, die ungl\u00e4ubig sind und (auch) nicht glauben werden (?).\n\n<strong>Koran, Sure 5,35:<\/strong> Ihr Gl\u00e4ubigen! F\u00fcrchtet Allah und trachtet danach, ihm nahe zu kommen, und f\u00fchret um seinetwillen (Allah und Islam) Krieg.\n\n<strong>Koran, Sure 4,34: <\/strong> Die M\u00e4nner stehen \u00fcber den Frauen \u2026 Und wenn ihr f\u00fcrchtet, dass Frauen sich auflehnen, dann vermahnt sie, meidet sie im Ehebett u<strong>nd schlagt sie (Frauen).<\/strong>\n\n<a href=\"https:\/\/rettung-fuer-deutschland.de\/blog\/?p=4080\" rel=\"noopener noreferrer\" target=\"_blank\"><img loading=\"lazy\" decoding=\"async\" src=\"https:\/\/www.rettung-fuer-deutschland.de\/foto-wp-islam-keine-religion-politische-ideologie-usa-flynn-620x613.jpg\" width=\"620\" height=\"613\" class=\"alignnone size-medium\"\/><\/a>\n\n<strong><font color=\"#FF0000\">Der Islam ist keine Religion sondern eine islamische Staatsdiktatur mit dem Rechtssystem der Scharia und ist damit zweifelsfrei ein politisches System und kann sich deswegen nicht auf die Religionsfreiheit berufen. Der Islam ist grunds\u00e4tzlich nicht mit dem deutschen Grundgesetz vereinbar.<\/font><\/strong> Wenn man in der Politik konsequent w\u00e4re, dann m\u00fcsste islamischer  Religionsunterricht an unseren Schulen in Deutschland verboten werden &#8211; weil der  Koran auffordert alle Ungl\u00e4ubigen zu t\u00f6ten -, das widerspricht unserem Grundgesetz &#8211; und es d\u00fcrfte keine Genehmigung f\u00fcr den Bau und zum betreiben von Moscheen geben. Verfassungsschutz \u2013 Untersuchung \u2013 Bericht vom 07.10.2016: <strong>\u201eMoscheen spielen weiter zentrale Rolle f\u00fcr Radikalisierung von Islamisten.\u201c<\/strong>\n\n<strong><font color=\"#FF0000\">\u00dcberlegen Sie einfach warum gibt es keine christliche und j\u00fcdischen Terroristen, sondern nur islamische Terroristen. Antwort: einfach deswegen, weil es im Koran steht.<\/font><\/strong>\n\n<strong><font color=\"#FF0000\">\n<\/font><\/strong><strong><font color=\"#FF0000\">Koran: <\/font>T\u00f6te deine Feinde (alle Ungl\u00e4ubigen = Nichtmuslime), wo immer sie auch zu finden sind.\n<font color=\"#FF0000\">Bibel:<\/font> Liebe deine Feinde, tue Gutes denen die dich hassen!<\/strong>\n\n<strong><font color=\"#FF0000\">Koran &amp; Islam:<\/font><\/strong> Verlang nach der politischen, wirtschaftlichen und religi\u00f6sen Weltherrschaft und f\u00fchrt deshalb auch weltweit Kriege.\n\n<strong><font color=\"#FF0000\">Bibel &amp; Christentum:<\/font><\/strong> Jesus Christus sagt: <strong>\u201eMein Reich ist nicht von dieser Welt!\u201c<\/strong> Beim Christentum geht es nur um einen pers\u00f6nlichen, geistlichen Glauben an GOTT und Jesus Christus seinen Sohn. Die Bibel fordert nur auf weltweit zu evangelisieren (zu erz\u00e4hlen), das hei\u00dft die \u201eGute Botschaft\u201c = das Evangelium zu verk\u00fcndigen (zu erz\u00e4hlen)  und erhebt dabei in keiner Weise irgendeinen Anspruch auf irgendeine Weltherrschaft.\n\n<a href=\"https:\/\/rettung-fuer-deutschland.de\/blog\/?p=4080\" rel=\"noopener noreferrer\" target=\"_blank\"><img loading=\"lazy\" decoding=\"async\" src=\"https:\/\/www.rettung-fuer-deutschland.de\/foto-wp-islam-gehoert-nicht-zu-deutschland-620x314.jpg\" width=\"620\" height=\"314\" class=\"alignnone size-medium\"\/><\/a>\n\nDer in Deutschland lebende <strong>Muslim Hamed Abdel-Samad<\/strong> fragt in einem offenen Brief an die Bundeskanzlerin zu Recht:\n\n<strong>\u2022 Geh\u00f6rt die Aufteilung der Welt in Gl\u00e4ubige und Ungl\u00e4ubige auch zu Deutschland?\n\u2022 Was ist mit dem Dschihad?\n\u2022 Was ist mit Polygamie?\n\u2022 Was ist mit der Todesstrafe f\u00fcr Apostaten (Abfall vom Islam)?\n\u2022 Was ist mit K\u00f6rperstrafen f\u00fcr Diebe und Ehebrecher, Alkoholtrinker und Andersdenkende?\n\u2022 Was ist mit Frauenrechten, die im Islam kaum vorhanden sind?\n\u2022 Was ist mit der Sklaverei, die im Islam nicht verboten ist?\n\u2022 Was ist mit der Scharia, die \u00fcber jedes andere Gesetz oder Staatsform gesetzt ist. Damit akzeptieren die Scharia und der Koran mit dem Islam auch nicht das deutsche Grundgesetzt oder deutsche Gerichtsbarkeit.\n\u2022 Was ist mit dem Anspruch des Islam und des Koran auf die absolute Weltherrschaft des Islam?\n\u2022 Was ist dem Anspruch des Koran, der Basis aller islamischen Str\u00f6mungen ist, alle \u201eUngl\u00e4ubigen\u201c \/ \u201eAndersdenkende\u201c zu verfolgen und zu t\u00f6ten?\n\u2022 Was ist mit der Androhung von H\u00f6llenqualen? Im Islam haben Kinder kein Recht drauf, angstfrei erzogen zu werden.<\/strong>\n\n<strong>\n<\/strong><strong><font color=\"#FF0000\">\u2022 Geh\u00f6rt das alles auch zu Deutschland oder zu Europa?<\/font><\/strong>\n\nSicher geschieht diese Aussage in der Absicht, ein freundliches Zeichen zu setzen. Doch wird die Aussage &#8222;Der Islam geh\u00f6rt zu Deutschland&#8220; <strong>von Muslimen aber eher als Ausdruck der Schw\u00e4che gesehen,<\/strong> ja geradezu als Ausdruck von Unterwerfung. Hingegen haben Muslime Respekt vor Andersgl\u00e4ubigen, die f\u00fcr ihren Glauben eintreten.\n\nDie muslimische Politikerin Baroness Warsi (GB) appelliert an Christen, sich f\u00fcr ihren Glauben einzusetzen. Warsi fordert die Europ\u00e4er auf, <strong>mehr Stolz auf ihre religi\u00f6sen Wurzeln zu entwickeln, auf das Christentum<\/strong> &#8211; und dies im \u00f6ffentlichen Leben auch zu zeigen. Es sei ein grundlegendes Missverst\u00e4ndnis, so Warst wenn man meint, man m\u00fcsse das Christentum &#8222;ausl\u00f6schen&#8220;, um eine (muslimische) Minderheit willkommen zu hei\u00dfen.\n\nJa, wir sind herausgefordert, Muslime zu respektieren, was aber nicht hei\u00dft, dass Deutschland sein eigenes Kulturgut aufgeben sollte, um sich anzupassen.\n\nGibt es jemanden, der sich vorstellen k\u00f6nnte, dass der t\u00fcrkische Pr\u00e4sident Erdogan \u00f6ffentlich verlauten l\u00e4sst: <strong>&#8222;Das Christentum geh\u00f6rt zur T\u00fcrkei&#8220;?<\/strong> Dabei g\u00e4be es daf\u00fcr sogar historische Bez\u00fcge, denn die christliche Kirche hat sich in diesem Land breit entfaltet; die T\u00fcrkei war jahrhundertelang vorwiegend christlich.\n\nDas Motto ist also: <strong>Muslime lieben, aber \u00fcber die Hintergr\u00fcnde des Islams besser informiert sein.<\/strong> Etwas, das unserer Kultur schadet, als gut zu bezeichnen, nur weil man \u201epolitically nett&#8220; sein m\u00f6chte, das hat nicht wirklich Zukunft.\n\nDie historische Schuld des Holocausts haben wir als Nation recht gut aufgearbeitet. Genauso m\u00fcssen wir auch mit den unseligen B\u00fcndnissen verfahren, die wir einst als Nation mit dem Islam eingegangen sind, um unsere Macht auszubauen.\n\n<a href=\"https:\/\/www.zwiezukunft.de\/z.htm\"><img loading=\"lazy\" decoding=\"async\" src=\"https:\/\/www.rettung-fuer-deutschland.de\/foto-wp-islam-gehoert-nicht-zu-deutschland-magazin-200x267.jpg\" width=\"200\" height=\"267\" class=\"alignright\"\/><\/a><strong>Ersuchen wir Frau Merkel mit allem Respekt, diese &#8222;Proklamation&#8220; zur\u00fcckzunehmen,<\/strong> die sich dem Islam gewisserma\u00dfen unterwirft, historische Schuld aufzuarbeiten und in einem gest\u00e4rkten christlichen Selbstbewusstsein Muslime in unserer christlich gepr\u00e4gten Kultur willkommen zu hei\u00dfen.\n\n<strong>124 Seiten umfassende Hintergrund-Information<\/strong> zu diesem Thema finden Sie in der neuen Ausgabe des Z-Magazins. <strong><a href=\"https:\/\/www.zwiezukunft.de\/z.htm\"><font color=\"#000080\">https:\/\/www.zwiezukunft.de\/z.htm<\/font><\/a><\/strong> Eine Initiative von &#8222;Zukunft Europa e.V.&#8220;; die zu diesem Thema mit 124 Seiten erschiene Z 13\/14 ist der Bundeskanzlerin gewidmet. Z f\u00fcr Zukunft, Postfach 1409, 73014 G\u00f6ppingen, <strong><a href=\"mailto:info@ZwieZukunft.de\"><font color=\"#000080\">info@ZwieZukunft.de<\/font><\/a><\/strong>\n\n<img loading=\"lazy\" decoding=\"async\" src=\"https:\/\/www.rettung-fuer-deutschland.de\/grafik-wp-strich-rot-620x10.gif\" width=\"620\" height=\"10\" class=\"alignnone size-medium\"\/>\n<a href=\"https:\/\/rettung-fuer-deutschland.de\/blog\/?p=4062\" rel=\"noopener noreferrer\" target=\"_blank\"><img loading=\"lazy\" decoding=\"async\" src=\"https:\/\/www.rettung-fuer-deutschland.de\/foto-wp-grafik-islam-umfrage-deutschland-2018-250x148.jpg\" width=\"250\" height=\"148\" class=\"alignright size-medium\"\/><\/a><strong>Der Islam geh\u00f6rt nicht zu Deutschland sagen in einer aktuellen Umfrage im M\u00e4rz 2018 auch 74,3 % der Deutschen!<\/strong> Ein Beispiel wie unsere Regierung Merkel am Volk vorbei regiert ist die Frage, ob der Islam zu Deutschland geh\u00f6rt oder nicht. Dabei ist das mit einem normalen Menschenverstand eigentlich sehr einfach zu beantworten: Das Christentum geh\u00f6rt nicht zu Saudi-Arabien, Iran, Pakistan, China, Japan usw. nur weil dort einige Christen wohnen. Warum aber dann in aller Welt, soll der Islam zu Deutschland geh\u00f6ren. Hier setzt die Logik und der normale, angeborene, gesunde Menschenverstand aus. Deutschland war der Mittelpunkt des christlichen Abendlandes. Wie kann der Islam, der im \u00dcbrigen keine Religion ist, sondern eine islamische Staatsdiktatur zu Deutschland geh\u00f6ren, wenn allein nur diese eine Sure aus dem Koran zitiert wird: Koran, Sure 2,191 Pa: T\u00f6tet alle \u201eUngl\u00e4ubigen\u201c, (also alle Nichtmuslime &amp;  heidnischen Gegner) wo immer ihr sie auch finden werdet! <strong><a href=\"https:\/\/rettung-fuer-deutschland.de\/blog\/?p=4062\" rel=\"noopener noreferrer\" target=\"_blank\"><font color=\"#000080\">&#8230;. vollst\u00e4ndigen Presseartikel lesen bei WordPress<\/font><\/a><\/strong>\n\n<a href=\"https:\/\/rettung-fuer-deutschland.de\/blog\/?p=4080\" rel=\"noopener noreferrer\" target=\"_blank\"><img loading=\"lazy\" decoding=\"async\" src=\"https:\/\/www.rettung-fuer-deutschland.de\/foto-wp-islam-gehoert-nicht-zu-deutschland-250x127.jpg\" width=\"250\" height=\"127\" class=\"alignright size-medium\"\/><\/a><strong>Deshalb kann der Islam niemals zu Deutschland geh\u00f6ren: Islam &amp; Demokratie &amp; Grundgesetz sind nicht vereinbar!<\/strong> Allein schon historisch ist der Satz von Bundeskanzlerin Merkel: \u201eDer Islam geh\u00f6rt zu Deutschland\u201c einfach falsch, denn der Islam war nie konstituierender oder gesellschaftlicher Teil von Deutschland. Generell ist die Rolle von Religion bei uns vergleichsweise niedrig, am ehesten k\u00f6nnte noch Martin Luther in Anspruch nehmen, hier etwas an der Bildung der Nation mitgewirkt zu haben. Deutschland war einmal die Mitte des christlichen Abendlandes. Der Islam aber wird f\u00fcr die Zerst\u00f6rung  eines freien Deutschlands sorgen. Der Islam ist keine Religion, sondern eine islamische Staatsdiktatur mit dem Rechtssystem der Scharia! <strong><a href=\"https:\/\/rettung-fuer-deutschland.de\/blog\/?p=4080\" rel=\"noopener noreferrer\" target=\"_blank\"><font color=\"#000080\">&#8230;. vollst\u00e4ndigen Presseartikel lesen bei WordPress<\/font><\/a><\/strong>\n<img loading=\"lazy\" decoding=\"async\" src=\"https:\/\/www.rettung-fuer-deutschland.de\/grafik-wp-strich-rot-620x10.gif\" width=\"620\" height=\"10\" class=\"alignnone size-medium\"\/>\n\nKostenloser Download <strong>Manuskript &#8222;Islam und Christentum&#8220;<\/strong> von Autor Uwe Melzer: <strong><a href=\"https:\/\/www.ichthys-consulting.de\/I-Manu.html\" title=\"Downloadseite Manuskripte PDF-Download\"><font color=\"#000080\">*** Downloadseite Manuskripte *** <\/font><\/a><\/strong>\n\nEine Auflistung aller Presseartikel \u00fcber den Islam mit allen Internetlinks erhalten Sie auch als kostenloses PDF-Dokument. <strong><a href=\"https:\/\/www.wissen-agentur.de\/download-liste-presseartikel-islam-autor-uwe-melzer-wissen-agentur.pdf\" title=\"Liste aller Islam Presseartikel von Autor Uwe Melzer als PDF-Dokument\"><font color=\"#000080\">*** Islamliste downloaden ***<\/font><\/a><\/strong>\n\n<a href=\"https:\/\/www.wissen-agentur.de\/download-liste-presseartikel-islam-autor-uwe-melzer-wissen-agentur.pdf\"><img loading=\"lazy\" decoding=\"async\" src=\"https:\/\/www.ichthys-consulting.de\/foto-wp-islam-gefahr-welt-keine-religion-diktatur-620x445.jpg\" width=\"620\" height=\"445\" class=\"alignnone\"\/><\/a>\n\n<a href=\"https:\/\/www.50-erfolgsgrundlagen.de\/\" rel=\"noopener noreferrer\" target=\"_blank\"><img loading=\"lazy\" decoding=\"async\" src=\"https:\/\/www.50-erfolgsgrundlagen.de\/Grafik-WP-Buch-Titelseite-H100.jpg\" width=\"71\" height=\"100\" class=\"alignright\"\/><\/a><strong>Mehr \u00fcber den Autor lesen Sie im Buch\/eBook mit dem Titel: <a href=\"https:\/\/www.50-erfolgsgrundlagen.de\" rel=\"noopener noreferrer\" target=\"_blank\"><font color=\"#000080\">&#8222;50 biblische Erfolgsgrundlagen im Gesch\u00e4ftsleben&#8220;<\/font><\/a>, erschienen im <a href=\"https:\/\/www.epubli.de\/shop\/autor\/Uwe-Melzer\/2518\" rel=\"noopener noreferrer\" target=\"_blank\"><font color=\"#000080\">epubli-Verlag unter Buch-ISBN: 978-3-8442-2969-1 und eBook\/ePUB-ISBN: 978-3-8442-0365-3.<\/font><\/a><\/strong>\n\n<a href=\"https:\/\/www.rettung-fuer-deutschland.de\" rel=\"noopener noreferrer\" target=\"_blank\"><img loading=\"lazy\" decoding=\"async\" src=\"https:\/\/www.rettung-fuer-deutschland.de\/grafik-wp-deutschlandflagge-am-mast-rfd-logo-280x140.jpg\" alt=\"\" width=\"280\" height=\"140\" class=\"alignleft\"\/><\/a><strong><a title=\"Rettung &amp; Vision f\u00fcr Deutschland\" href=\"https:\/\/www.rettung-fuer-deutschland.de\" rel=\"noopener noreferrer\" target=\"_blank\"><font color=\"#000080\">Rettung &amp; Vision f\u00fcr Deutschland<\/font><\/a><\/strong>\nE-Mail: <a href=\"mailto:rfd@rettung-fuer-deutschland.de\"><font color=\"#000080\">rfd@rettung-fuer-deutschland.de<\/font><\/a>\nInternet: <a href=\"https:\/\/www.rettung-fuer-deutschland.de\" rel=\"noopener noreferrer\" target=\"_blank\"><font color=\"#000080\">www.rettung-fuer-deutschland.de<\/font><\/a>\n<a class=\"twitter-share-button\" href=\"https:\/\/twitter.com\/share\" data-url=\"https:\/\/rettung-fuer-deutschland.de\/blog\/?p=1294\" data-text=\"#Islam geh\u00f6rt nicht zu #Deutschland! Frau #Bundeskanzlerin Dr. Angela #Merkel nehmen Sie bitte den #Satz zur\u00fcck:\" data-lang=\"de\">Twittern<\/a><script>!function(d,s,id){var js,fjs=d.getElementsByTagName(s)[0];if(!d.getElementById(id)){js=d.createElement(s);js.id=id;js.src=\"\/\/platform.twitter.com\/widgets.js\";fjs.parentNode.insertBefore(js,fjs);}}(document,\"script\",\"twitter-wjs\");<\/script> <a href=\"https:\/\/www.xing.com\/spi\/shares\/new?follow_url=https:\/\/www.xing.com\/profile\/Uwe_Melzer2&amp;sc_p=b7910_cb&amp;url=https:\/\/rettung-fuer-deutschland.de\/blog\/?p=1294\" target=\"_blank\" rel=\"noopener noreferrer\"><img decoding=\"async\" src=\" https:\/\/www.rettung-fuer-deutschland.de\/grafik-xing-button-60x20.jpg\" alt=\"\" border=\"0\"\/><\/a>  <script src=\"\/\/platform.linkedin.com\/in.js\" type=\"text\/javascript\">lang: de_DE<\/script><script type=\"IN\/Share\" data-url=\"https:\/\/rettung-fuer-deutschland.de\/blog\/?p=1294\"><\/script>\n<div id=\"fb-root\"><\/div>\n<script src=\"https:\/\/connect.facebook.net\/de_DE\/all.js#appId=1849770545241294&amp;xfbml=1\"><\/script><fb:like href=\"https:\/\/rettung-fuer-deutschland.de\/blog\/?p=1294\" send=\"true\" width=\"450\" show_faces=\"true\" font=\"arial\"><\/fb:like>\n<!-- \/wp:post-content -->","protected":false},"excerpt":{"rendered":"<p>Was m\u00f6gen wohl die Beweggr\u00fcnde gewesen sein, dass zuerst der damalige Bundespr\u00e4sident Wulf und nun die Bundeskanzlerin Angela Merkel mehrmals \u00f6ffentlich verk\u00fcnden: &#8222;Der Islam geh\u00f6rt zu Deutschland&#8220;? Daf\u00fcr gibt es weder historische noch gegenw\u00e4rtige Grundlagen. Es ist nicht vorstellbar, dass beide Politiker nicht w\u00fcssten, wof\u00fcr der Islam in seinem ureigensten Wesen steht. Sie kennen doch die Problemstellungen der L\u00e4nder, in denen der Islam alle Gesellschaftsbereiche bestimmt. In Talkshows beteuern Imame oder Sprecher muslimischer Vereinigungen: &#8222;Islam bedeutet Frieden&#8220;. Aber sie sagen nicht dazu, dass dieses Verst\u00e4ndnis von Frieden erst dann einkehren kann, wenn die ganze Welt dem Islam unterworfen ist. Denn in Wahrheit hei\u00dft Islam&#8220; Unterwerfung&#8220;. Ja, wir sind herausgefordert, Muslime zu respektieren, was aber nicht hei\u00dft, dass Deutschland sein eigenes Kulturgut aufgeben sollte, um sich anzupassen. Gibt es jemanden, der sich vorstellen k\u00f6nnte, dass der t\u00fcrkische Pr\u00e4sident Erdogan \u00f6ffentlich verlauten l\u00e4sst: &#8222;Das Christentum geh\u00f6rt zur T\u00fcrkei&#8220;? Dabei g\u00e4be es daf\u00fcr sogar historische Bez\u00fcge, denn die christliche Kirche hat sich in diesem Land breit entfaltet; die T\u00fcrkei war jahrhundertelang vorwiegend christlich. Ersuchen wir Frau Merkel mit allem Respekt, diese &#8222;Proklamation&#8220; zur\u00fcckzunehmen, die sich dem Islam gewisserma\u00dfen unterwirft, historische Schuld aufzuarbeiten und in einem gest\u00e4rkten christlichen Selbstbewusstsein Muslime in unserer christlich gepr\u00e4gten Kultur willkommen zu hei\u00dfen. \u2026.. vollst\u00e4ndigen Presseartikel bei WordPress lesen: https:\/\/rettung-fuer-deutschland.de\/blog\/?p=1294<\/p>\n","protected":false},"author":1,"featured_media":0,"comment_status":"open","ping_status":"open","sticky":false,"template":"","format":"standard","meta":{"footnotes":""},"categories":[1,19,4,1718,3,246,49],"tags":[1284,2035,595,2028,1937,1307,2036,861,791,793,599,2032,1557,2033,2034,1581,1859,661,2029],"class_list":["post-1294","post","type-post","status-publish","format-standard","hentry","category-allgemein","category-deutschland","category-gesellschaft","category-islam","category-politik","category-religion","category-welt","tag-angela","tag-apostaten","tag-bundeskanzlerin","tag-bundespraesident","tag-deutschland","tag-dschihad","tag-frauenrechten","tag-glaubige","tag-islam","tag-koran","tag-merkel","tag-muslim","tag-muslime","tag-polygamie","tag-todesstrafe","tag-unglaeubige","tag-unterwerfung","tag-wahrheit","tag-wulf"],"_links":{"self":[{"href":"https:\/\/rettung-fuer-deutschland.de\/blog\/wp-json\/wp\/v2\/posts\/1294","targetHints":{"allow":["GET"]}}],"collection":[{"href":"https:\/\/rettung-fuer-deutschland.de\/blog\/wp-json\/wp\/v2\/posts"}],"about":[{"href":"https:\/\/rettung-fuer-deutschland.de\/blog\/wp-json\/wp\/v2\/types\/post"}],"author":[{"embeddable":true,"href":"https:\/\/rettung-fuer-deutschland.de\/blog\/wp-json\/wp\/v2\/users\/1"}],"replies":[{"embeddable":true,"href":"https:\/\/rettung-fuer-deutschland.de\/blog\/wp-json\/wp\/v2\/comments?post=1294"}],"version-history":[{"count":0,"href":"https:\/\/rettung-fuer-deutschland.de\/blog\/wp-json\/wp\/v2\/posts\/1294\/revisions"}],"wp:attachment":[{"href":"https:\/\/rettung-fuer-deutschland.de\/blog\/wp-json\/wp\/v2\/media?parent=1294"}],"wp:term":[{"taxonomy":"category","embeddable":true,"href":"https:\/\/rettung-fuer-deutschland.de\/blog\/wp-json\/wp\/v2\/categories?post=1294"},{"taxonomy":"post_tag","embeddable":true,"href":"https:\/\/rettung-fuer-deutschland.de\/blog\/wp-json\/wp\/v2\/tags?post=1294"}],"curies":[{"name":"wp","href":"https:\/\/api.w.org\/{rel}","templated":true}]}}