{"id":13111,"date":"2025-06-07T19:37:48","date_gmt":"2025-06-07T17:37:48","guid":{"rendered":"https:\/\/rettung-fuer-deutschland.de\/blog\/?p=13111"},"modified":"2025-06-09T11:24:17","modified_gmt":"2025-06-09T09:24:17","slug":"israel-judenhass-toetet-sarah-und-yaron-in-washington-wegen-hamas-luegen","status":"publish","type":"post","link":"https:\/\/rettung-fuer-deutschland.de\/blog\/israel-judenhass-toetet-sarah-und-yaron-in-washington-wegen-hamas-luegen\/","title":{"rendered":"ISRAEL: Judenhass t\u00f6tet Sarah und Yaron in Washington &#038; EU-L\u00e4nder gegen Israel wegen Hamas L\u00fcgen!"},"content":{"rendered":"<p><a href=\"https:\/\/rettung-fuer-deutschland.de\/blog\/israel-judenhass-toetet-sarah-und-yaron-in-washington-wegen-hamas-luegen\/\"><img loading=\"lazy\" decoding=\"async\" class=\"alignnone size-medium\" src=\"https:\/\/www.rettung-fuer-deutschland.de\/foto-wp-israel-titelbild-judenhass-toetet-sarah-yaron-washington-620x657.jpg\" width=\"620\" height=\"657\"\/><\/a><br \/>\n<em>(Fotos: Bildmontagen aus Fotoarchiv von RfD Rettung f\u00fcr Deutschland \/ Screenshot aus Video \/ <a href=\"https:\/\/www.50-erfolgsgrundlagen.de\/b50-autor.html\" target=\"_blank\" rel=\"noopener\"><span style=\"color: #1403fa;\">Buchautor: Uwe Melzer<\/span><\/a>)<\/em><\/p>\n\n\n<p>Es handelt sich um den 28-j\u00e4hrigen Yaron Lischinsky und Sarah Milgrim, die nicht nur Arbeitskollegen waren, sondern auch privat ein Paar. Sie waren jung, sie wollten heiraten: Der deutschst\u00e4mmige Yaron Lischinsky und seine Partnerin Sarah Milgrim sind am 21.05.2025 in Washington USA j\u00e4h aus dem Leben gerissen worden. Sie wurden nahe dem J\u00fcdischen Museum durch ein antisemitisches Attentat grausam mit mehreren Sch\u00fcssen get\u00f6tet<strong><em>. \u201eSie waren ein sch\u00f6nes Paar, das gekommen war, um einen Abend in Washingtons kulturellem Zentrum zu genie\u00dfen\u201c<\/em><\/strong>, sagte der Botschafter. Die israelische Botschaft in Washington postete auf der Plattform \u201eX\u201c: <strong><em>\u201eSie waren in der Bl\u00fcte ihres Lebens.\u201c<\/em><\/strong><\/p>\n\n\n\n<h2 class=\"wp-block-heading\">Israel &amp; die ICEJ (Internationale christliche Botschaft) in Jerusalem trauert um Yaron und Sarah.<\/h2>\n\n\n\n<p><a href=\"https:\/\/www.israelnetz.com\/zwei-mitarbeiter-der-israelischen-botschaft-in-washington-ermordet\/\" target=\"_blank\" rel=\"noopener\"><img loading=\"lazy\" decoding=\"async\" class=\"alignright size-medium\" src=\"https:\/\/www.rettung-fuer-deutschland.de\/foto-wp-botschafter-traurern-250x176.jpg\" width=\"250\" height=\"176\"\/><\/a>Ihre Ermordung ging ab dem 22.05.2025 durch die Weltpresse. Sie wurden von einem fanatischen linken Judenhasser in Washington erschossen. F\u00fcr <strong>ICEJ<\/strong> sind es nicht nur zwei anonyme Terroropfer. Sie geh\u00f6rten zum pers\u00f6nlichen Freundeskreis von Vesna und Dr. J\u00fcrgen B\u00fchler, dem Pr\u00e4sidenten <strong>ICEJ<\/strong> von in Jerusalem. Sie besuchten dieselbe j\u00fcdisch-messianische Gemeinde. Yaron war auch Deutscher, in Bayern geboren und aufgewachsen, ehe er nach Israel zog und sp\u00e4ter Mitarbeiter der israelischen Botschaft wurde. <em>(im Bild mit Dr. J\u00fcrgen B\u00fchler)<\/em><\/p>\n\n\n\n<h2 class=\"wp-block-heading\">Der M\u00f6rder kannte seine Opfer nicht.<\/h2>\n\n\n\n<p>Es gen\u00fcgte ihm zu sehen, dass Yaron und Sarah eine j\u00fcdische Einrichtung verlassen hatten \u2013 ein Museum. Dort hatte das junge Paar eine Veranstaltung zum Thema humanit\u00e4re Hilfe besucht. <strong>Es ging um die Frage, wie den Menschen in Gaza geholfen werden k\u00f6nnte.<\/strong> Der M\u00f6rder schrie <strong><em>\u201eFree, free Palestine!\u201c<\/em><\/strong> Aber es ging ihm nicht um Pal\u00e4stinenser. Er wollte seinen Judenhass ausleben. Es ist ein d\u00e4monischer und feiger Hass. Wir schulden es den Opfern, dass wir dar\u00fcber berichten, denn der M\u00f6rder wird sicherlich auch auf deutschen Pro-Pal\u00e4stina-Demonstrationen als Vorbild gefeiert werden.<\/p>\n\n\n\n<p><a href=\"https:\/\/www.israelnetz.com\/zwei-mitarbeiter-der-israelischen-botschaft-in-washington-ermordet\/\" target=\"_blank\" rel=\"noopener\"><img loading=\"lazy\" decoding=\"async\" class=\"alignright size-medium\" src=\"https:\/\/www.rettung-fuer-deutschland.de\/foto-wp-yaron-sarah-terroropfer-juedisch-israel-250x245.jpg\" width=\"250\" height=\"245\"\/><\/a>Augenzeugen berichten, dass er dem jungen Liebespaar unvermittelt in den R\u00fccken schoss, als sie eine Stra\u00dfe \u00fcberquerten. Nachdem seine Opfer am Boden lagen, beugte er sich \u00fcber sie, feuerte weitere Sch\u00fcsse ab. Sarah war nicht sofort tot. Mit unglaublichem Lebenswillen versuchte die Schwerverletzte, dem M\u00f6rder zu entkommen. <strong>Die junge Frau kroch \u00fcber den Asphalt<\/strong>. Er feuerte noch mehr Geschosse ab auf ihren zierlichen K\u00f6rper. Aber sie lebte immer noch, setzte sich im Todeskampf auf. Er lud nach, hei\u00dft es im Polizeibericht, und schoss erneut. Yaron wollte Sarah n\u00e4chste Woche in Jerusalem einen Heiratsantrag machen. 21-mal feuerte der M\u00f6rder auf das unbewaffnete Paar &#8211; bis ihm offenbar die Munition f\u00fcr seine gro\u00dfkalibrige Waffe ausging. <em>(Foto: Wikipedia)<\/em><\/p>\n\n\n\n<p>Nach der Tat rannte ihr M\u00f6rder laut Augenzeugen zum j\u00fcdischen Museum. Dort hatte man die Sch\u00fcsse geh\u00f6rt. Die Mitarbeiter lie\u00dfen ihn herein. <strong>Sie hielten ihn f\u00fcr ein Opfer, reichten ihm Wasser.<\/strong> Als die Polizei eintraf, zog er ein <strong><em>\u201ePal\u00e4stinensertuch\u201c<\/em><\/strong> hervor und schrie <strong><em>\u201eFree Palestine\u201c<\/em><\/strong>.<\/p>\n\n\n\n<p><strong>Derzeit verbreitet die Hamas einen Aufruf zum Judenmord \u2013 auch in Deutschland. Linker Antisemitismus und islamischer Judenhass bilden auch bei uns eine brandgef\u00e4hrliche Symbiose.<\/strong><\/p>\n\n\n\n<h2 class=\"wp-block-heading\">Besch\u00e4mendes Schweigen \u00fcber deutsche Geiseln im Gazastreifen: Von Politikern und Medien weitgehend ignoriert!<\/h2>\n\n\n\n<p><strong>Das ist passiert:<\/strong><br \/>\n<a href=\"https:\/\/www.youtube.com\/watch?v=67AHSZ2W2mU\" target=\"_blank\" rel=\"noopener\"><img loading=\"lazy\" decoding=\"async\" class=\"alignright size-medium\" src=\"https:\/\/www.rettung-fuer-deutschland.de\/foto-wp-202504-07-hamas-geisel-terror-250x307.jpg\" width=\"250\" height=\"307\"\/><\/a>Unter den 251 Menschen, die von der Hamas am 7. Oktober 2023 als Geiseln in den Gazastreifen verschleppt wurden, waren auch zahlreiche deutsche Staatsb\u00fcrger. Bei seinem Besuch in Israel dieser Tage behauptete Bundespr\u00e4sident Steinmeier (ehe er auf das Leid der Gaza-Bev\u00f6lkerung hinwies): <strong><em>\u201eDeutschland vergisst sie nicht, ich vergesse sie nicht.\u201c<\/em><\/strong> Tats\u00e4chlich jedoch fand ihr Schicksal von Anfang an kaum Beachtung in deutschen Medien und der deutschen Politik. Nicht einmal genaue Zahlen wurden vom Au\u00dfenministerium bis heute ver\u00f6ffentlicht. <strong>Deshalb wollen wir heute an alle uns bekannten deutschen Geiseln mit Namen und Alter erinnern &#8211; an die Lebenden und die Toten.<\/strong> <em>(Foto: Insgesamt 58 Geiseln sind noch in Gaza. 21 von ihnen sind vermutlich noch am Leben. @stateofisrael Instagram)<\/em><\/p>\n\n\n\n<p><strong>Deutsche Geiseln im Gazastreifen, vermutlich noch am Leben: <\/strong>Gali Berman (27) und sein Zwillingsbruder Ziv Berman (27), Tamir Nimrodi (20). Auch Rom Braslavski (20) besitzt vermutlich die deutsche Staatsb\u00fcrgerschaft.<\/p>\n\n\n\n<p><strong>Deutsche Geiseln im Gazastreifen, vermutlich nicht mehr am Leben:<\/strong> Itay Chen (19), Tamir Adar (38), Shay Levinson (19), Yair Yaakov (59), Yagev Buchshtab (35)<\/p>\n\n\n\n<p><strong>Ermordete deutsche Geiseln, deren Leichname aus dem Gazastreifen gebracht wurden:<\/strong> Shani Louk (22), Itay Svirsky (38), Ariel Bibas (4), Kfir Bibas (zehn Monate), Shiri Bibas (32), Carmel Gat (40).<\/p>\n\n\n\n<p><strong>Bereits am 7. Oktober 2023 ermordete deutsche Staatsb\u00fcrger: <\/strong>Carolin Bohl (22), Ravid Katz (51), Dolev Yehoud (35), alle ermordet in Kibbuz Nir Oz.<\/p>\n\n\n\n<p><strong>Im Rahmen des &#8222;Geiseldeals&#8220; befreite deutsche Geiseln: <\/strong>Aviv Asher, Raz Asher, Raz Ben-Ami, Shoshan Haran, Doron Katz-Asher, Rimon Kirsht-Buchshtab, Margalit Moses, Yarden Roman-Gat, Amit Shani, Adi Shoham, Naveh Shoham, Yael Neri Shoham, Or Yaakov, Yagil Yaakov, Ohad Ben-Ami, Gadi Moses, Arbel Yehoud, Yarden Bibas.<\/p>\n\n\n\n<p><strong>Das k\u00f6nnen Sie tun:<\/strong><br \/>\nKommen Sie zu Mahnwachen und beten Sie f\u00fcr die Geiseln in Ihren Kirchen und Gemeinden. Gerne laden wir Sie auch zu unseren Gebeten ein per Zoom oder vor Ort in vielen Gebetsgruppen in Deutschland. <strong><a href=\"https:\/\/tbdae78fc.emailsys1a.net\/c\/66\/8365512\/80\/0\/5679815\/6930\/739834\/57e2cc205c.html\" target=\"_blank\" rel=\"noopener\">Mehr Infos zum Gebet<\/a> \/ <a href=\"https:\/\/tbdae78fc.emailsys1a.net\/c\/66\/8365512\/80\/0\/5679815\/6930\/740097\/b7b74eff93.html\" target=\"_blank\" rel=\"noreferrer noopener\">Filmtipp: Wir vergessen Euch nicht!<\/a><\/strong>.<\/p>\n\n\n\n<h2 class=\"wp-block-heading\">Aktuelle Lage im Gaza-Krieg &#8211; neue Hilfslieferungen<\/h2>\n\n\n\n<p><a href=\"https:\/\/faszinationisrael.de\/index.php\/component\/content\/article\/101-antisemitismus-wo-sind-die-grenzen\" target=\"_blank\" rel=\"noopener\"><img loading=\"lazy\" decoding=\"async\" class=\"alignright size-medium\" src=\"https:\/\/www.rettung-fuer-deutschland.de\/foto-wp-202504-07-schuesse-auf-krankenwagen-250x249.jpg\" width=\"250\" height=\"249\"\/><\/a><strong>Israel startete eine neue Milit\u00e4r-Offensive in Gaza, die Operation \u201eGideons Streitwagen\u201c.<\/strong><br \/>\nEs wurden Dutzende Hamas-Terroristen get\u00f6tet und \u00fcber 670 Ziele angegriffen. Bisher h\u00e4lt die Armee die Kontrolle \u00fcber etwa 40 bis 50 Prozent des Gebiets. Die neue Milit\u00e4roperation k\u00f6nnte das kontrollierte Gebiet auf 70 bis 80 Prozent ausweiten, so die \u201eJerusalem Post\u201c. W\u00e4hrend des neuen Einsatzes wurde Angaben zufolge der Hamas-Chef Mohammed Sinwar get\u00f6tet. Seit Anfang der Woche erlaubt Israel wieder Hilfslieferungen in den Gazastreifen. <em>(Foto: IDF-Soldaten in Gaza, @idf Instagram)<\/em> &#8211; <strong><a href=\"https:\/\/tbdae78fc.emailsys1a.net\/c\/66\/8365512\/80\/0\/5679815\/6930\/739826\/183052884c.html\" target=\"_blank\" rel=\"noopener\">Mehr lesen: Abbas&#8216; letzter Kampf um die Macht<\/a><\/strong><\/p>\n\n\n\n<h2 class=\"wp-block-heading\">Erneut Raketenangriffe auf Israel<\/h2>\n\n\n\n<p><a href=\"https:\/\/ssl.axaris.de\/icej\/frontend\/index.php?projectid=100562&#038;cartid=881315148216096142479190&#038;nodeids=0:100550\" target=\"_blank\" rel=\"noopener\"><img loading=\"lazy\" decoding=\"async\" class=\"alignright size-medium\" src=\"https:\/\/www.rettung-fuer-deutschland.de\/foto-wp-israel-04-rakten-aus-jemen-gaza-250x250.jpg\" width=\"250\" height=\"250\"\/><\/a><strong>Israel wird weiterhin vom Jemen aus mit Raketen angegriffen. Fast t\u00e4glich schrillen in Israel die Raketenwarnsirenen.<\/strong><\/p>\n\n\n\n<p>Die Huthis schie\u00dfen seit Beginn des Kriegs im Oktober 2023 immer wieder auf Israel. Auch vom n\u00f6rdlichen Gazastreifen aus wurden erneut mehrere Geschosse auf Israel abgeschossen. Drei der Geschosse erreichten Israel jedoch nicht und gingen im Gazastreifen zu Boden. Eine weitere Rakete konnte abgefangen werden. <em>(Foto: Iron-Dome im Einsatz, GPO\/Archiv, Haim Zach)<\/em> &#8211; <strong><a href=\"https:\/\/tbdae78fc.emailsys1a.net\/c\/66\/8365512\/80\/0\/5679815\/6930\/740101\/8a570c8335.html\" target=\"_blank\" rel=\"noopener\">Helfen: Schutzbunker f\u00fcr Israel<\/a><\/strong><\/p>\n\n\n\n<h2 class=\"wp-block-heading\">Antisemitische Vorf\u00e4lle in Berlin fast verdoppelt!<\/h2>\n\n\n\n<p><a href=\"https:\/\/de.icej.org\/news\/commentary\/nie-wieder-braucht-handlungen\" target=\"_blank\" rel=\"noopener\"><img loading=\"lazy\" decoding=\"async\" class=\"alignright size-medium\" src=\"https:\/\/www.rettung-fuer-deutschland.de\/foto-wp-antisemitische-angriffe-berlin-250x250.jpg\" width=\"250\" height=\"250\"\/><\/a><strong>Antisemitische Vorf\u00e4lle haben sich 2024 im Vergleich zu 2023 fast verdoppelt und sind gewaltvoller und enthemmter geworden.<\/strong><br \/>\nDie Recherche- und Informationsstelle Antisemitismus Berlin (Rias) registrierte im letzten Jahr 2.521 antisemitische Vorf\u00e4lle in Berlin. Damit ist die Zahl der Vorf\u00e4lle im Vergleich zu 2023 um 98,5 Prozent gestiegen. <em>(Foto: Symbolbild, unsplash)<\/em> &#8211; <strong><a href=\"https:\/\/tbdae78fc.emailsys1a.net\/c\/66\/8365512\/80\/0\/5679815\/6930\/739832\/fd72ddd948.html\" target=\"_blank\" rel=\"noopener\">Mehr lesen: &#8222;Nie wieder&#8220; braucht Handlungen!<\/a><\/strong><\/p>\n\n\n\n<h2 class=\"wp-block-heading\">EU-L\u00e4nder gegen Israel &#8211; deutsche Gelder an UNRWA<\/h2>\n\n\n\n<p><a href=\"https:\/\/de.icej.org\/news\/headlines\/ein-hilfswerk-f%C3%BCr-terror\" target=\"_blank\" rel=\"noopener\"><img loading=\"lazy\" decoding=\"async\" class=\"alignright size-medium\" src=\"https:\/\/www.rettung-fuer-deutschland.de\/foto-wp-gaza-hamas-stiehlt-lebensmittel-250x250.jpg\" width=\"250\" height=\"250\"\/><\/a><strong>Frankreich, Gro\u00dfbritannien und Kanada kritisierten Israels Vorgehen im Gazastreifen und k\u00fcndigten \u201eMa\u00dfnahmen\u201c an, sollte Israel seine erneute Milit\u00e4roffensive nicht einstellen.<\/strong><\/p>\n\n\n\n<p>Au\u00dferdem kritisierten sie israelische Siedlungen im \u201eWestjordanland\u201c und drohten mit \u201egezielten Sanktionen\u201c. Weiterhin flie\u00dft deutsches Steuergeld an die umstrittene Hilfsorganisation f\u00fcr Pal\u00e4stinenser UNRWA. Im vergangenen Jahr zahlte Deutschland 142 Millionen Euro an die UNRWA. 2023 waren es mehr als 206 Millionen. <em>(Foto: Terroristen an einem UNRWA-Logistikzentrum in Gaza \/ Polizei Rafah)<\/em> &#8211; <strong><a href=\"https:\/\/tbdae78fc.emailsys1a.net\/c\/66\/8365512\/80\/0\/5679815\/6930\/740179\/9a279fa041.html\" target=\"_blank\" rel=\"noopener\">Mehr lesen: Hilfswerk f\u00fcr Terror<\/a><\/strong><\/p>\n\n\n\n<h3 class=\"wp-block-heading\">Israel wird zu Unrecht wegen dem Kriegseinsatz im Gazastreifen weltweit angegriffen, denn die meisten Informationen basieren auf L\u00fcgen der Hamas.<\/h3>\n\n\n\n<p><strong>Es wird grunds\u00e4tzlich verschwiegen, dass Israel permanent von vielen islamischen Terror Organisationen und L\u00e4ndern angegriffen wird. Allein seit dem 07. Oktober 2023 sind mehr als 30.000 Raketen auf Israel abgefeuert worden. Und jeden Tag stirbt mindestens ein Jude \/ J\u00fcdin \/ Kind durch einen Terroranschlag in Israel durch PLO Terroristen. Diese Informationen werden bei uns einfach unterschlagen. Daf\u00fcr wird Hamas Propaganda ungepr\u00fcft verbreitet!!!<\/strong><\/p>\n\n\n\n<h2 class=\"wp-block-heading\">L\u00fcgen der Hamas<\/h2>\n\n\n\n<p><a href=\"https:\/\/rettung-fuer-deutschland.de\/blog\/wie-europaeische-und-amerikanische-steuergelder-an-palaestinensische-terroristen-fliessen\/\" target=\"_blank\" rel=\"noopener\"><img loading=\"lazy\" decoding=\"async\" class=\"alignright size-medium\" src=\"https:\/\/www.rettung-fuer-deutschland.de\/foto-wp-202504-05-hamas-will-5-jahre-waffenruhe250x166.jpg\" width=\"250\" height=\"166\"\/><\/a>Aktuelle berichtete die Hamas, da\u00df die IDF israelische Armee eine Schule angegriffen hat und es deshalb zivile Opfer auch Kinder gegeben h\u00e4tte. Tats\u00e4chlich nachgewiesen wurde, da\u00df die Schule schon lange geschlossen war und sich dort keine Kinder befanden. Dagegen hatte die Hamas die Schule als Kommandozentrale genutzt und deshalb wurde die Hamas in der Schule mit Raketen beschossen. Weiterhin behauptete die Hamas das Zivilisten und Kinder gestorben seien, die sich angeblich in der Schule aufgehalten haben. Richtig dagegen ist, da\u00df nur Hamas Kommandeure und K\u00e4mpfer in der Schule get\u00f6tet wurde. Grunds\u00e4tzlich bezeichnet die Hamas immer Ihre get\u00f6teten K\u00e4mpfer als zivile Opfer. Und die Nachrichtedienste verbreiten diese Hamas Informationen einfach ungepr\u00fcft. Sie m\u00fcssen davon ausgehen, da\u00df die Opferzahlen, die von der Hamas stammen in der Regel grunds\u00e4tzlich 10-Mal h\u00f6her angegeben werden. Deshalb hat auch die UN von sich aus schon die Angaben der zivilen Opferzahlen im Gazastreifen erheblich reduziert.<\/p>\n\n\n\n<p><strong>Die Hamas behauptete mit einem Fake Video Israel h\u00e4tte 31 Pal\u00e4stinenser bei einem Verteilcenter f\u00fcr Lebensmittel erschossen. Auch diese Meldung ist eine L\u00fcge!<\/strong><\/p>\n\n\n\n<p>Die israelische Armee (IDF) widerspricht energisch diesem Vorwurf und die Armee warnt davor, der Hamas Glauben zu schenken. Die israelische Armee hat der Behauptung widersprochen, Soldaten h\u00e4tten in der N\u00e4he eines Verteilzentrums f\u00fcr humanit\u00e4re Hilfe bei Rafah dutzende Pal\u00e4stinenser erschossen. In der Nacht zum Sonntag habe die Armee lediglich Warnsch\u00fcsse an einem Kreisverkehr einen Kilometer von dem Verteilzentrum entfernt abgegeben, da sich verd\u00e4chtige Personen gen\u00e4hert h\u00e4tten. Armeesprecher Effie Defrin rief die \u00d6ffentlichkeit dazu auf, nicht alle Ger\u00fcchte zu glauben, die die Terror-Organisation Hamas verbreite. Die Hamas tue alles, damit Pal\u00e4stinenser keine Hilfen erhalten. Die Armee <strong><a href=\"https:\/\/twitter.com\/IDF\/status\/1929228247834730988\" target=\"_blank\" rel=\"noopener\">ver\u00f6ffentlichte<\/a><\/strong> in diesem Zusammenhang ein Drohnenvideo, das zeigen soll, wie Bewaffnete Hamas-K\u00e4mpfer auf Zivilisten schie\u00dfen, die auf dem Weg zu einem Verteilzentrum gewesen seien. Angaben zu Ort und Datum der Aufnahme machte die Armee nicht.<\/p>\n\n\n\n<p>Die f\u00fcr die Verteilung der Hilfsg\u00fcter zust\u00e4ndige \u201eHumanit\u00e4re Gaza-Stiftung\u201c (GHF) teilte in einer Stellungnahme mit, dass es bei den Aktivit\u00e4ten \u201ean unserem Zentrum oder in der N\u00e4he\u201c weder zu Toten noch zu Verletzten gekommen sei. Entsprechende Berichte seien \u201ev\u00f6llig falsch und konstruiert\u201c. Indes kontrolliere sie nicht die Umgebung, bei der es sich nach wie vor um Kampfgebiet handele.<\/p>\n\n\n\n<p>Diese Falschmeldung wurde ohne \u00dcberpr\u00fcfung prompt von den folgenden Medien \u00fcbernommen: \u201eAssociated Press\u201c (AP), CNN und BBC. Auch die Meldungen \u00fcber eine angebliche Hungersnot im Gazastreifen sind falsch. Denn Israel hat \u00fcber die GHF Verteilerzentren bis jetzt 7 Millionen Mahlzeiten verteilt!<\/p>\n\n\n\n<h2 class=\"wp-block-heading\"><strong>Lebensmittel f\u00fcr Gaza &#8211; Hamas bedroht eigene Bev\u00f6lkerung<\/strong><\/h2>\n\n\n\n<p><a href=\"https:\/\/www.israelnetz.com\/von-versehen-kann-keine-rede-sein\/\" target=\"_blank\" rel=\"noopener\"><img loading=\"lazy\" decoding=\"async\" class=\"alignright size-medium\" src=\"https:\/\/www.rettung-fuer-deutschland.de\/foto-wp-hamas-erschiesst-eigene-gazabewohner-250x250.jpg\" width=\"250\" height=\"250\"\/><\/a><strong>Israel l\u00e4sst weiterhin Hilfsg\u00fcter im Gazastreifen verteilen. Diesmal \u00fcber die \u201eGaza Humanitarian Foundation\u201c (GHF) &#8211; ohne Zugriff der Hamas.<\/strong><br \/>\nDie Hamas rief zum Boycott auf und droht jedem, der Hilfe in Anspruch nimmt. Drohnenaufnahmen zeigen Angriffe der Hamas auf die eigene Bev\u00f6lkerung. Die Terroristen verbreiteten f\u00e4lschlicherweise, die israelische Armee habe ein Massaker an Zivilisten bei der Lebensmittelausgabe ver\u00fcbt. Die GHF widersprach den Falschmeldungen und betonte, die Verteilung sei ohne Vorf\u00e4lle verlaufen. <em>(Foto: Hamas-Terroristen greift Zivilisten im Gazastreifen an, Videoausschnitt\/IDF-Spokesperson)<\/em><\/p>\n\n\n\n<h3 class=\"wp-block-heading\">Wegen diesen Hamas L\u00fcgen gibt es auch eine gef\u00e4hrliche Entwicklung bei der <strong>Bundesentwicklungsministerin der deutschen Bundesregierung, die jetzt f\u00fcr den Stopp der Waffenlieferungen an Israel \u00f6ffentlich eintritt!<\/strong><\/h3>\n\n\n\n<p>Bundesentwicklungsministerin Reem Alabali-Radovan hat am Montag einen Stopp der Waffenlieferungen an Israel gefordert. <strong><em>\u201eWenn humanit\u00e4re Hilfe blockiert wird, dann muss es Konsequenzen geben\u201c<\/em><\/strong>, sagte die SPD-Politikerin dem Nachrichtensender NTV. Die Regierung werde das in den kommenden Tagen besprechen. Der neue von Israel unterst\u00fctzte Verteilmechanismus f\u00fcr humanit\u00e4re Hilfe fand in dem Gespr\u00e4ch keine Erw\u00e4hnung. Wegen all diesen Hamas Falschmeldungen bef\u00fcrworten 75 Prozent der Deutschen einen vorl\u00e4ufigen Stopp von Waffenlieferungen an Israel. Das zeigt eine am Dienstag ver\u00f6ffentlichte Forsa-Umfrage f\u00fcr das Magazin \u201eStern\u201c.<\/p>\n\n\n\n<h2 class=\"wp-block-heading\">Die BBC und andere Medienh\u00e4user verbreiten willf\u00e4hrig anti-israelische Narrative. Mit t\u00f6dlichen Folgen!<\/h2>\n\n\n\n<p>Die BBC f\u00e4llt schon l\u00e4ngere Zeit mit fragw\u00fcrdiger Berichterstattung zu Israel auf. Kein Schelm, wer B\u00f6ses dabei denkt: In den vergangenen Tagen musste die BBC einmal mehr einen Bericht \u00fcber den Gazakrieg zur\u00fccknehmen. \u201e31 get\u00f6tet, nachdem israelische Panzer das Feuer auf Verteilzentrum er\u00f6ffnet haben\u201c, lautete eine \u00dcberschrift am Sonntag. Eine Falschnachricht, wie sich sp\u00e4ter herausstellte. Aber da war die L\u00fcge \u00fcber Israel bereits verbreitet. <em>(Autor; Daniel Frick \/ 4. Juni 2025)<\/em><\/p>\n\n\n\n<p>Der britische Sender hatte der \u201eNachricht\u201c ein Video beigef\u00fcgt, das sich bei einer nachtr\u00e4glichen \u00dcberpr\u00fcfung ebenfalls als Irrtum erwies. Einen Tag sp\u00e4ter gab das Medienhaus zu, dass es dabei die Informationen eines \u201eAl-Dschasira-Journalisten\u201c \u00fcbernommen hatte, der das Video in Zusammenhang mit den israelischen Verteilzentren stellte. Zu diesem Zeitpunkt verzeichnete es allein auf der Plattform X bereits 134.000 Aufrufe.<\/p>\n\n\n\n<h2 class=\"wp-block-heading\">Nachhaltiges Muster<\/h2>\n\n\n\n<p>Diese Vorkommnisse lassen sich nicht als \u201eVersehen\u201c beschreiben. Die BBC-Mitarbeiter wissen genau, dass \u201eAl-Dschasira\u201c der Propagandasender der Terror-Organisation Hamas ist, die derzeit zusammen mit den Vereinten Nationen gegen die neuen israelischen Verteilzentren st\u00e4nkert. Sie wissen genau, dass sich der Gazakrieg auch medial zutr\u00e4gt. Mit anderen Worten: Sie wissen genau, was sie tun.<\/p>\n\n\n\n<p>Das ist auch daran ersichtlich, dass die BBC als Wiederholungst\u00e4ter aufritt. Erst vor wenigen Tagen verbreitete sie ungepr\u00fcft die <a href=\"https:\/\/www.israelnetz.com\/spanien-fordert-waffenembargo-gegen-israel\/\" target=\"_blank\" rel=\"noopener\">L\u00fcge des UN-Nothilfekoordinators Tom Fletcher<\/a>, binnen zweier Tage w\u00fcrden 14.000 Babys an Mangelern\u00e4hrung sterben. Es w\u00e4re ein Leichtes gewesen, die Faktenbasis dieser Behauptung zu \u00fcberpr\u00fcfen. Doch der Grundsatz lautet offenbar: Wenn es gegen Israel geht, wird es schon stimmen.<\/p>\n\n\n\n<p>Bereits zu Beginn des Gazakrieges waren es gro\u00dfe Medienh\u00e4user wie die BBC, die f\u00e4lschlicherweise behauptet hatten, Israel habe das Al-Ahli-Krankenhaus beschossen. Dabei war es eine fehlgeleitete Rakete von Terroristen, die auf einem Parkplatz am Krankenhaus eingeschlagen war. Der <a href=\"https:\/\/www.israelnetz.com\/raketentreffer-bei-krankenhaus-fuehrt-zu-hitzigen-reaktionen\/\" target=\"_blank\" rel=\"noopener\">Vorfall<\/a> h\u00e4tte f\u00fcr die BBC und andere Medienh\u00e4user ein Weckruf sein k\u00f6nnen, in ihrer Berichterstattung vorsichtiger zu sein. Inzwischen erweist er sich als Blaupause.<\/p>\n\n\n\n<h2 class=\"wp-block-heading\">Gef\u00e4hrliche Konsequenzen<\/h2>\n\n\n\n<p>Konsequenzen m\u00fcssen die Medienh\u00e4user offenkundig nicht f\u00fcrchten. Daf\u00fcr umso mehr Israelis und Juden, und zwar an Leib und Leben. Bei der Gewalt im Namen eines \u201efreien Pal\u00e4stinas\u201c, auch befeuert durch die einschl\u00e4gige Berichterstattung, nimmt l\u00e4ngst nicht mehr nur die Inneneinrichtung von Berliner Universit\u00e4ten Schaden, sondern das Leben von Juden.<\/p>\n\n\n\n<p><strong>In der Welt der Politik scheint das Wei\u00dfe Haus die einzige Institution zu sein, die derartige Entwicklungen anprangert. \u201eWir behandeln die Behauptungen der Hamas nicht als Fakten, anders als manch andere Medien\u201c, sagte Pressesprecherin Karoline Leavitt. Explizit nannte sie dabei die Berichterstattung der BBC.<\/strong><\/p>\n\n\n\n<p><strong>Eigentlich muss man es noch drastischer formulieren: Einige Medien machen sich zu Kriegsgehilfen \u2013 im Desinformationskrieg gegen Israel. Viel \u00e4ndern wird sich daran nicht \u2013 das zeigt der Umstand, dass seit Kriegsbeginn keine Besserung ersichtlich ist.<\/strong><\/p>\n\n\n\n<p>Die Mediennutzer stehen damit umso mehr in der Verantwortung, die Berichte ebenso kritisch zu be\u00e4ugen wie Verlautbarungen der Hamas oder der Vereinten Nationen. Das ist m\u00fchsam und aufw\u00e4ndig, aber in diesen Zeiten alternativlos.<\/p>\n\n\n\n<p><strong>Mehr zum Thema<\/strong>:<br \/>\n<strong>\u00bb <a href=\"https:\/\/www.israelnetz.com\/bbc-entschuldigt-sich-bei-israel\/\" target=\"_blank\" rel=\"noopener\">BBC entschuldigt sich bei Israel<\/a><\/strong><br \/>\n<strong>\u00bb <a href=\"https:\/\/www.israelnetz.com\/report-bbc-verstoesst-tausendfach-gegen-eigene-richtlinien\/\" target=\"_blank\" rel=\"noopener\">Report: BBC verst\u00f6\u00dft tausendfach gegen eigene Richtlinien<\/a><\/strong><br \/>\n<strong>\u00bb <a href=\"https:\/\/www.israelnetz.com\/frueherer-programmdirektor-kritisiert-bbc-wegen-kriegsberichterstattung\/\" target=\"_blank\" rel=\"noopener\">Fr\u00fcherer Programmdirektor kritisiert BBC wegen Kriegsberichterstattung<\/a><\/strong><br \/>\n<strong>Faire Berichterstattung \u00fcber Israel finden Sie unter diesem Link: <a href=\"https:\/\/www.israelnetz.com\/\" target=\"_blank\" rel=\"noopener\">https:\/\/www.israelnetz.com<\/a><\/strong><\/p>\n\n\n\n<p><img loading=\"lazy\" decoding=\"async\" class=\"alignnone size-medium\" src=\"https:\/\/www.ichthys-consulting.de\/grafik-wp-strich-rot-620x10.gif\" width=\"620\" height=\"10\"\/><br \/>\n<strong><span style=\"font-size: 16px;\"><span style=\"color: #d63c42;\">Wer Krieg gegen Israel f\u00fchrt, egal in welcher Form, f\u00fchrt Krieg gegen GOTT!<\/span><\/span><\/strong><br \/>\nBibel, AT, Sacharja 2,12: Denn so spricht GOTT, der HERR Zebaoth, der mich gesandt hat, \u00fcber die V\u00f6lker, die euch (ISRAEL) beraubt haben: <strong><em>\u201eWer euch (ISRAEL) antastet, der tastet meinen Augapfel an\u201c<\/em><\/strong>.<br \/>\n<br \/>\n<strong><em><span style=\"font-size: 16px;\"><span style=\"color: #d63c42;\">\u201eIch (GOTT) will segnen, die dich (Israel) segnen, und verfluchen, die dich (Israel) verfluchen; und in dir (Israel) sollen gesegnet werden alle Geschlechter auf Erden\u201c<\/span><\/span><\/em><\/strong> (Bibel, AT, 1. Mose 12,3).<br \/>\n<img loading=\"lazy\" decoding=\"async\" class=\"alignnone size-medium\" src=\"https:\/\/www.ichthys-consulting.de\/grafik-wp-strich-rot-620x10.gif\" width=\"620\" height=\"10\"\/><\/p>\n\n\n\n<p><a href=\"https:\/\/www.rettung-fuer-deutschland.de\/download-israel-presseartikel-rfd-ichthys-consulting.pdf\" target=\"_blank\" rel=\"noopener\"><img loading=\"lazy\" decoding=\"async\" class=\"alignnone size-medium\" src=\"https:\/\/www.rettung-fuer-deutschland.de\/grafik-wp-israel-presseartikel-pdf-liste-620x210.jpg\" width=\"620\" height=\"210\"\/><\/a><\/p>\n\n\n<p><img loading=\"lazy\" decoding=\"async\" class=\"alignnone size-medium\" src=\"https:\/\/www.rettung-fuer-deutschland.de\/grafik-wp-strich-brd-620x10.gif\" width=\"620\" height=\"10\"\/><\/p>\n<p><a href=\"https:\/\/www.rettung-fuer-deutschland.de\" target=\"_blank\" rel=\"noopener noreferrer\"><img loading=\"lazy\" decoding=\"async\" class=\"alignleft\" src=\"https:\/\/www.rettung-fuer-deutschland.de\/grafik-logo-rfd-35x35.jpg\" width=\"35\" height=\"35\"\/><\/a><strong><a title=\"RFD Rettung f\u00fcr Deutschland\" href=\"https:\/\/www.rettung-fuer-deutschland.de\" target=\"_blank\" rel=\"noopener noreferrer\"><span style=\"color: #000080\">RfD Rettung f\u00fcr Deutschland<\/span><\/a><\/strong> &#8211; <a href=\"https:\/\/www.50-erfolgsgrundlagen.de\" target=\"_blank\" rel=\"noopener noreferrer\"><img loading=\"lazy\" decoding=\"async\" class=\"alignright\" src=\"https:\/\/www.50-erfolgsgrundlagen.de\/grafik-wp-buch-titelseite-71x100.jpg\" width=\"71\" height=\"100\"\/><\/a>Mehr von Autor Uwe Melzer lesen Sie im Buch Wirtschaftshandbuch &amp; Ratgeber f\u00fcr den beruflichen Alltag mit dem Titel: <strong><a href=\"https:\/\/www.50-erfolgsgrundlagen.de\" target=\"_blank\" rel=\"noopener noreferrer\"><span style=\"color: #000080\">50 biblische Erfolgsgrundlagen im Gesch\u00e4ftsleben.<\/span><\/a><\/strong> Dieses Buch\/eBook ist erschienen im <strong><a href=\"https:\/\/www.epubli.de\/shop\/autor\/Uwe-Melzer\/2518\" target=\"_blank\" rel=\"noopener noreferrer\"><span style=\"color: #000080\">epubli-Verlag unter Buch-ISBN: 978-3-756537-33-4 und eBook\/ePUB-ISBN: 978-3-756538-25-6.<\/span><\/a><\/strong><\/p>\n<p><a href=\"https:\/\/www.rettung-fuer-deutschland.de\" target=\"_blank\" rel=\"noopener noreferrer\"><img loading=\"lazy\" decoding=\"async\" class=\"alignleft\" src=\"https:\/\/www.rettung-fuer-deutschland.de\/grafik-wp-deutschlandflagge-am-mast-rfd-logo-280x140.jpg\" alt=\"\" width=\"280\" height=\"140\"\/><\/a><strong><a title=\"Rettung &amp; Vision f\u00fcr Deutschland\" href=\"https:\/\/www.rettung-fuer-deutschland.de\" target=\"_blank\" rel=\"noopener noreferrer\"><span style=\"color: #000080\">Rettung &amp; Vision f\u00fcr Deutschland<\/span><\/a><\/strong><br \/>\nE-Mail: <a href=\"mailto:rfd@rettung-fuer-deutschland.de\"><span style=\"color: #000080\">rfd@rettung-fuer-deutschland.de<\/span><\/a><br \/>\nInternet: <a href=\"https:\/\/www.rettung-fuer-deutschland.de\" target=\"_blank\" rel=\"noopener noreferrer\"><span style=\"color: #000080\">www.rettung-fuer-deutschland.de<\/span><\/a><\/p>\n<p><a class=\"twitter-share-button\" href=\"https:\/\/twitter.com\/share\" data-url=\"https:\/\/rettung-fuer-deutschland.de\/blog\/israel-judenhass-toetet-sarah-und-yaron-in-washington-wegen-hamas-luegen\/\" data-text=\"#ISRAEL: #Judenhass #t\u00f6tet #Sarah und #Yaron in #Washington &#038; #EU-L\u00e4nder gegen Israel wegen #Hamas #L\u00fcgen! \u2026 vollst\u00e4ndigen #Presseartikel lesen bei #WordPress:\" data-lang=\"de\">Twittern<\/a> <a href=\"https:\/\/www.xing.com\/spi\/shares\/new?follow_url=https:\/\/www.xing.com\/profile\/Uwe_Melzer2&amp;sc_p=b7910_cb&amp;url=https:\/\/rettung-fuer-deutschland.de\/blog\/israel-judenhass-toetet-sarah-und-yaron-in-washington-wegen-hamas-luegen\/\" target=\"_blank\" rel=\"noopener noreferrer\"><img decoding=\"async\" src=\"https:\/\/www.rettung-fuer-deutschland.de\/grafik-xing-button-60x20.jpg\" alt=\"\" border=\"0\"\/><\/a> <script src=\"\/\/platform.linkedin.com\/in.js\" type=\"text\/javascript\">lang: de_DE<\/script><script type=\"IN\/Share\" data-url=\"https:\/\/rettung-fuer-deutschland.de\/blog\/israel-judenhass-toetet-sarah-und-yaron-in-washington-wegen-hamas-luegen\/\"><\/script><\/p>\n<div class=\"fb-like\" data-href=\"https:\/\/rettung-fuer-deutschland.de\/blog\/israel-judenhass-toetet-sarah-und-yaron-in-washington-wegen-hamas-luegen\/\" data-width=\"200\" data-layout=\"\" data-action=\"\" data-size=\"\" data-share=\"true\"><\/div>","protected":false},"excerpt":{"rendered":"<p>Es handelt sich um den 28-j\u00e4hrigen Yaron Lischinsky und Sarah Milgrim, die nicht nur Arbeitskollegen waren, sondern auch privat ein Paar. Sie waren jung, sie wollten heiraten: Der deutschst\u00e4mmige Yaron Lischinsky und seine Partnerin Sarah Milgrim sind am 21.05.2025 in Washington USA j\u00e4h aus dem Leben gerissen worden. Sie wurden nahe dem J\u00fcdischen Museum durch ein antisemitisches Attentat grausam mit mehreren Sch\u00fcssen get\u00f6tet. \u201eSie waren ein sch\u00f6nes Paar, das gekommen war, um einen Abend in Washingtons kulturellem Zentrum zu genie\u00dfen\u201c, sagte der Botschafter. Die israelische Botschaft in Washington postete auf der Plattform \u201eX\u201c: \u201eSie waren in der Bl\u00fcte ihres Lebens.\u201c Der M\u00f6rder kannte seine Opfer nicht. Es gen\u00fcgte ihm zu sehen, dass Yaron und Sarah eine j\u00fcdische Einrichtung verlassen hatten \u2013 ein Museum. Dort hatte das junge Paar eine Veranstaltung zum Thema humanit\u00e4re Hilfe besucht. Es ging um die Frage, wie den Menschen in Gaza geholfen werden k\u00f6nnte. Der M\u00f6rder schrie \u201eFree, free Palestine!\u201c Aber es ging ihm nicht um Pal\u00e4stinenser. Er wollte seinen Judenhass ausleben. \u2026 vollst\u00e4ndigen Presseartikel lesen bei WordPress: https:\/\/rettung-fuer-deutschland.de\/blog\/israel-judenhass-toetet-sarah-und-yaron-in-washington-wegen-hamas-luegen\/<\/p>\n","protected":false},"author":1,"featured_media":0,"comment_status":"open","ping_status":"open","sticky":false,"template":"","format":"standard","meta":{"footnotes":""},"categories":[1,19,4056,4,3932,4694,3,4272,49],"tags":[2505,1269,798,1937,1988,1883,2552,1563,5303,828,2983,5219,846,3883,5304,1863,4143,370,5306,5305],"class_list":["post-13111","post","type-post","status-publish","format-standard","hentry","category-allgemein","category-deutschland","category-europa","category-gesellschaft","category-israel","category-krieg","category-politik","category-usa","category-welt","tag-abbas","tag-antisemitismus","tag-berlin","tag-deutschland","tag-eu","tag-gazastreifen","tag-geiseln","tag-hamas","tag-hilfslieferungen","tag-israel","tag-judenhass","tag-judenmord","tag-lugen","tag-raketenangriffe","tag-sarah","tag-toetet","tag-unrwa","tag-usa","tag-washington","tag-yaron"],"_links":{"self":[{"href":"https:\/\/rettung-fuer-deutschland.de\/blog\/wp-json\/wp\/v2\/posts\/13111","targetHints":{"allow":["GET"]}}],"collection":[{"href":"https:\/\/rettung-fuer-deutschland.de\/blog\/wp-json\/wp\/v2\/posts"}],"about":[{"href":"https:\/\/rettung-fuer-deutschland.de\/blog\/wp-json\/wp\/v2\/types\/post"}],"author":[{"embeddable":true,"href":"https:\/\/rettung-fuer-deutschland.de\/blog\/wp-json\/wp\/v2\/users\/1"}],"replies":[{"embeddable":true,"href":"https:\/\/rettung-fuer-deutschland.de\/blog\/wp-json\/wp\/v2\/comments?post=13111"}],"version-history":[{"count":3,"href":"https:\/\/rettung-fuer-deutschland.de\/blog\/wp-json\/wp\/v2\/posts\/13111\/revisions"}],"predecessor-version":[{"id":13153,"href":"https:\/\/rettung-fuer-deutschland.de\/blog\/wp-json\/wp\/v2\/posts\/13111\/revisions\/13153"}],"wp:attachment":[{"href":"https:\/\/rettung-fuer-deutschland.de\/blog\/wp-json\/wp\/v2\/media?parent=13111"}],"wp:term":[{"taxonomy":"category","embeddable":true,"href":"https:\/\/rettung-fuer-deutschland.de\/blog\/wp-json\/wp\/v2\/categories?post=13111"},{"taxonomy":"post_tag","embeddable":true,"href":"https:\/\/rettung-fuer-deutschland.de\/blog\/wp-json\/wp\/v2\/tags?post=13111"}],"curies":[{"name":"wp","href":"https:\/\/api.w.org\/{rel}","templated":true}]}}