{"id":13387,"date":"2025-09-10T18:32:15","date_gmt":"2025-09-10T16:32:15","guid":{"rendered":"https:\/\/rettung-fuer-deutschland.de\/blog\/?p=13387"},"modified":"2025-09-11T18:07:39","modified_gmt":"2025-09-11T16:07:39","slug":"israel-hamas-gaza-luegen-manipulierte-daten","status":"publish","type":"post","link":"https:\/\/rettung-fuer-deutschland.de\/blog\/israel-hamas-gaza-luegen-manipulierte-daten\/","title":{"rendered":"Israel: Hamas &#038; Gaza L\u00fcgen und manipulierte Daten!"},"content":{"rendered":"\n<p><a href=\"https:\/\/rettung-fuer-deutschland.de\/blog\/israel-hamas-gaza-luegen-manipulierte-daten\/\"><img loading=\"lazy\" decoding=\"async\" width=\"620\" height=\"632\" class=\"alignnone size-medium\" src=\"https:\/\/rettung-fuer-deutschland.de\/foto-wp-israel-hamas-gaza-luegen-manipulierte-daten-620x632.jpg\"\/><\/a><br \/>\n<em>(Fotos: Bildmontagen aus Fotoarchiv von RfD Rettung f\u00fcr Deutschland \/ <a href=\"https:\/\/www.50-erfolgsgrundlagen.de\/b50-autor.html\" target=\"_blank\" rel=\"noopener\"><span style=\"color: #1403fa;\">Buchautor: Uwe Melzer<\/span><\/a>)<\/em><\/p>\n\n\n\n<p><strong><em>\u201eHERR, errette mich von den L\u00fcgenm\u00e4ulern, von den falschen Zungen.&#8220; <\/em><\/strong><em>Bibel, AT, Psalm 120,2<\/em><\/p>\n\n\n\n<p><strong>das Internet ist voller L\u00fcgen und Halbwahrheiten<\/strong> aus dem Gazastreifen. Nun hat auch die Initiative f\u00fcr Ern\u00e4hrungssicherheit (IPC) offenbar mit zweifelhaften und nicht nachvollziehbaren Methoden gearbeitet, um Israel zu diskreditieren, lassen Recherchen der \u201eWelt\u201c vermuten.<\/p>\n\n\n\n<p><a href=\"https:\/\/faszinationisrael.de\/index.php\/component\/content\/article\/101-antisemitismus-wo-sind-die-grenzen\" target=\"_blank\" rel=\"noopener\"><img loading=\"lazy\" decoding=\"async\" class=\"alignright size-medium\" src=\"https:\/\/www.rettung-fuer-deutschland.de\/foto-wp-01-israel-luegen-hamas-gaza-250x217.jpg\" width=\"250\" height=\"217\"\/><\/a>Scheinbar wurden Bewertungskriterien ge\u00e4ndert, au\u00dferdem <strong>vorerkrankte Kinder zur Ermittlung des allgemeinen Ern\u00e4hrungszustands <\/strong>herangezogen. Mit dieser fragw\u00fcrdigen \u201eDatenlage\u201c begr\u00fcndete die IPC dann eine Hungersnot f\u00fcr Teile Nordgazas.<\/p>\n\n\n\n<p>Schon fr\u00fcher fiel die IPC mit anti-israelischer Schieflage auf. So hie\u00df es in einem Bericht von 2024, den die \u201eWelt\u201c zitiert: \u201eDie aktuellen Feindseligkeiten im Gaza-Streifen begannen mit schweren Bombardements am 7. Oktober 2023\u201c \u2013 kein Wort zum Angriff der Hamas als Kriegsausl\u00f6ser. <em>(Foto GHF: Pal\u00e4stinenser an einer Versorgungsstation der von Israel und den USA gegr\u00fcndeten Gaza Humanitarian Foundation. Auch solche Bilder gibt es aus dem Gazastreifen.)<\/em><\/p>\n\n\n\n<p>Wer selbst schon einmal verleumdet wurde, der wei\u00df, wie schwer es ist, gegen L\u00fcgen anzuk\u00e4mpfen. Und wie gut es tut, <strong>Freunde zu haben, die nicht jeder L\u00fcge glauben<\/strong>.<\/p>\n\n\n\n<h2 class=\"wp-block-heading\">Falsche Fotos und Drohungen &#8211; Die leider erfolgreiche Hamas-Strategie<\/h2>\n\n\n\n<p><strong>Das ist passiert:<\/strong><br \/>\nSchockierende Bilder hungernder Kinder haben in den letzten Wochen die Welt \u00fcberflutet. Sie sollten das Leid im Gazastreifen dokumentieren. Viele dieser Fotos erwiesen sich bei n\u00e4herer Pr\u00fcfung als L\u00fcgen \u2013 sie zeigen Kinder mit unheilbaren Krankheiten, waren KI-generiert oder stammten nicht aus dem Gazastreifen. Doch selbst seri\u00f6se Medien hatten diese Bilder ver\u00f6ffentlicht. Die Falschmeldungen wurden sp\u00e4ter nicht oder nur marginal korrigiert. \u201eWelt\u201c-Herausgeber Ulf Poschardt diagnostizierte ein \u201eVersagen westlicher Journalisten und Politiker\u201c.<\/p>\n\n\n\n<p><a href=\"https:\/\/rettung-fuer-deutschland.de\/blog\/weltweite-luegen-ueber-israel\/\" target=\"_blank\" rel=\"noopener\"><img loading=\"lazy\" decoding=\"async\" width=\"620\" height=\"351\" class=\"alignnone size-medium\" src=\"https:\/\/rettung-fuer-deutschland.de\/foto-wp-03-israel-warntafel-luegen-hamas-gaza-620x351.jpg\"\/><\/a><\/p>\n<!-- \/wp:Image -->\n\n\n<p>Gleichzeitig warnt die Hamas Journalisten davor, Fotos und Informationen zu ver\u00f6ffentlichen, die einer Hungersnot widersprechen k\u00f6nnten <em>(siehe Bild)<\/em>. Deutsche Teil\u00fcbersetzung der englischen gelben Schrift: <strong><em>\u201eWir warnen Aktivisten und Journalisten davor, Bilder zu ver\u00f6ffentlichen, die der Besatzungspolitik dienen und dazu beitragen, ihr kriminelles Image zu besch\u00f6nigen.\u201c<\/em><\/strong> Das bedeutet, jedes Fotos, das nicht die Meinung der Hamas vertritt und wieder spiegelt, gilt in den Augen der Hamas als kriminell und wird nach ihrer Ideologie bis hin zum Tod durch Erschie\u00dfen bestraft! Da stellt sich auch die Frage, warum sterben so viele Journalisten im Gazastreifen?<\/p>\n\n\n\n<p><strong>Darum ist es wichtig<\/strong>:<br \/>\nJudenhass lebt von L\u00fcgen \u2013 und von der Bereitschaft der Gesellschaft, diese L\u00fcgen zu glauben und zu verbreiten. Auffallend ist die extreme T\u00e4ter-Opfer-Umkehr. Schon im Mittelalter wurden Juden als \u201eKinderm\u00f6rder\u201c verunglimpft, obwohl es Nichtjuden waren, die j\u00fcdische Kinder ermordeten. Juden galten als \u201eraffgierig\u201c, obwohl es Nichtjuden waren, die ungeniert \u00fcber das Verm\u00f6gen von Juden herfielen. Seit Jahrzehnten wird behauptet, Israel ver\u00fcbe einen Genozid in Gaza und lasse die Menschen verhungern. Aber nicht Israel, sondern die Hamas l\u00e4sst Menschen absichtlich verhungern. Nicht Israel, sondern die Hamas ermordet absichtlich die Kinder ihrer Gegner und nimmt sogar den Tod der eigenen Kinder f\u00fcr PR-Zwecke billigend in Kauf. Denn nicht Israel, sondern die Hamas will einen Genozid \u2013 und h\u00e4lt bis heute fest an ihrem Ziel, das j\u00fcdische Volk auszurotten.<\/p>\n\n\n\n<p><strong>Das sollten Sie wissen:<\/strong><br \/>\nSeit Kriegsbeginn wurden zwei Millionen Tonnen Hilfsg\u00fcter in den Gazastreifen geliefert. Israel schickt t\u00e4glich 300 bis 400 Lastwagen mit Hilfsg\u00fctern in den Gazastreifen, unter hoher eigener Gefahr. Au\u00dferdem l\u00e4sst Israel Lebensmittel-Pakete \u00fcber dem Gazastreifen abwerfen, in Zusammenarbeit mit Jordanien, \u00c4gypten, den Vereinigten Arabischen Emiraten und anderen L\u00e4ndern. T\u00e4glich werden im Gazastreifen mehrere Millionen Mahlzeiten an pal\u00e4stinensische Zivilisten ausgeteilt \u00fcber die \u201eGaza Humanitarian Foundation\u201d. Allein in den vergangenen zwei Wochen lie\u00df die israelische Armee \u00fcber 1.500 Tonnen medizinische Ausr\u00fcstung zur Behandlung kranker Pal\u00e4stinenser in den s\u00fcdlichen Gazastreifen bringen. Israel hat zusammen mit den Vereinigten Arabischen Emiraten eine neue Wasserleitung aktiviert, die t\u00e4glich 15 Liter Wasser pro Person in die Al-Muwasi-Area im S\u00fcden des Gazastreifens liefert, au\u00dferdem wurden \u00e4ltere Wasserrohre in Stand gesetzt, die das Zentrum und den S\u00fcden des Gazastreifens t\u00e4glich mit 28.000 Kubikmeter Wasser versorgen. Israel erm\u00f6glicht die Errichtung tausender Zelte und Notunterk\u00fcnfte f\u00fcr Pal\u00e4stinenser, in Zusammenarbeit mit internationalen Organisationen. Israel f\u00fchrt keinen Genozid aus, Israel ist das einzige Land der Welt, das seine Feinde versorgt, obwohl diese sich weigern, die Waffen niederzulegen und die Geiseln freizulassen.<\/p>\n\n\n\n<p>Hilfe f\u00fcr die Menschen im Gazastreifen kommt praktisch ausschlie\u00dflich \u00fcber Israel. Denn \u00c4gypten hat seine Grenze zum Gazastreifen abgeriegelt, auch f\u00fcr Hilfslieferungen. <em>(Foto: Eine Warnung der Hamas an Journalisten: Bilder und Nachrichten, die eine Hungersnot im Gazastreifen infrage stellen, sollen nicht ver\u00f6ffentlicht werden.)<\/em> &#8211; <a href=\"https:\/\/de.icej.org\/news\/commentary\/hamas-ponyhof-deutschland\" target=\"_blank\" rel=\"noreferrer noopener\">Mehr lesen zum Thema: Hamas-Ponyhof Deutschland<\/a> &#8211; <a href=\"https:\/\/ssl.axaris.de\/icej\/frontend\/index.php?projectid=100556&#038;cartid=884813103090598762599205&#038;nodeids=0:100550\" target=\"_blank\" rel=\"noreferrer noopener\"><strong>Israel in Not: Israel-Hilfsfonds<\/strong><\/a><\/p>\n\n\n\n<h2 class=\"wp-block-heading\">Zwei tote Geiseln aus Gaza geborgen<\/h2>\n\n\n\n<p><a href=\"https:\/\/www.youtube.com\/watch?v=Rddrki7SF_w\" target=\"_blank\" rel=\"noopener\"><img loading=\"lazy\" decoding=\"async\" class=\"alignright size-medium\" src=\"https:\/\/www.rettung-fuer-deutschland.de\/foto-wp-02-geiseln-home-700-tage-gefangenschaft-250x250.jpg\" width=\"250\" height=\"250\"\/><\/a><strong>Die Leichname von zwei israelischen Geiseln wurden in der letzten Woche aus dem Gazastreifen geborgen und zur\u00fcck nach Israel gebracht.<\/strong><\/p>\n\n\n\n<p>Am Montag wurden der 28-j\u00e4hrige Idan Shtivi und der 56-j\u00e4hrige Ilan Weiss beerdigt. Idan Shtivi wurde beim Terror\u00fcberfall der Hamas am 7. Oktober 2023 auf dem Nova-Musikfestival ermordet und entf\u00fchrt, Ilan Weiss wurde im Kibbuz Be\u2019eri ermordet und entf\u00fchrt. 48 Geiseln befinden sich weiterhin in Gefangenschaft &#8211; seit 700 Tagen. Unter ihnen sieben Deutsche. Rund 20 Geiseln sind vermutlich noch am Leben. &#8211; <a href=\"https:\/\/www.youtube.com\/watch?v=Rddrki7SF_w\" target=\"_blank\" rel=\"noopener\">Mehr erfahren zum 7. Oktober 2023: Filmtipp &#8222;Tatort Nir Oz&#8220;<\/a><\/p>\n\n\n\n<h2 class=\"wp-block-heading\">Sanktionen gegen Israel &#8211; aber nicht gegen Iran?<\/h2>\n\n\n\n<p><a href=\"https:\/\/de.icej.org\/news\/commentary\/und-wieder-der-jude-ist-schuld\" target=\"_blank\" rel=\"noopener\"><img loading=\"lazy\" decoding=\"async\" class=\"alignright size-medium\" src=\"https:\/\/www.rettung-fuer-deutschland.de\/foto-wp-justiz-judenhass-gerichtshammer-250x250.jpg\" width=\"250\" height=\"250\"\/><\/a><strong>Bis zum 18. Oktober 2025 k\u00f6nnen die Signatarstaaten des Atomabkommens mit dem Iran, darunter Deutschland, noch den &#8222;Snapback-Mechanismus&#8220; ausl\u00f6sen, der Sanktionen gegen den Iran vorsieht.<\/strong><\/p>\n\n\n\n<p>Es gen\u00fcgt, wenn auch nur eine Vertragspartei die erneute Inkraftsetzung der Sanktionen verlangt und der UN-Sicherheitsrat innerhalb von 30 Tagen keinen gegenteiligen Beschluss fasst. Bisher hat allerdings noch kein beteiligtes Land den Prozess zur Wiedereinf\u00fchrung der Sanktionen aktiviert. Stattdessen sprechen einzelne L\u00e4nder und die EU-Kommission \u00fcber Sanktionen gegen Israel. Belgien hat bereits Sanktionen gegen Israel beschlossen.<em> (Foto: Symbolbild, pixabay)<\/em> &#8211; <a href=\"https:\/\/de.icej.org\/news\/commentary\/und-wieder-der-jude-ist-schuld\" target=\"_blank\" rel=\"noopener\">Mehr lesen: Und wieder &#8211; der Jude ist schuld &#8230;<\/a><\/p>\n\n\n\n<h2 class=\"wp-block-heading\">Israel eliminiert Gro\u00dfteil der Huthi-Regierung<\/h2>\n\n\n\n<p><strong>Israel hat bei j\u00fcngsten Milit\u00e4reins\u00e4tzen fast die gesamte Huthi-Regierung ausgeschaltet. Die Best\u00e4tigung kam von den Huthis selbst. Zuvor war in israelischen Medien \u00fcber zehn get\u00f6tete Huthi-Minister spekuliert worden.<\/strong><\/p>\n\n\n\n<p><a href=\"https:\/\/de.icej.org\/news\/headlines\/rakete-schl%C3%A4gt-am-ben-gurion-flughafen-ein\" target=\"_blank\" rel=\"noopener\"><img loading=\"lazy\" decoding=\"async\" class=\"alignright size-medium\" src=\"https:\/\/www.rettung-fuer-deutschland.de\/foto-wp-05-israel-iran-luftangriff-250x250.jpg\" width=\"250\" height=\"250\"\/><\/a>Der Regierungschef der international nicht anerkannten Regierung sowie mehrere Minister wurden bei einem israelischen Luftangriff get\u00f6tet, weitere Huthi-Mitglieder wurden verletzt. Die Huthi-Miliz greift seit fast zwei Jahren internationale Handelsschiffe an und beschie\u00dft seit November 2023 Israel immer wieder mit Raketen und Kampfdrohnen. <em>(Foto: @IDF Instagram, Trainingsman\u00f6ver der israelischen Luftwaffe)<\/em> &#8211; <a href=\"https:\/\/de.icej.org\/news\/headlines\/rakete-schl%C3%A4gt-am-ben-gurion-flughafen-ein\" target=\"_blank\" rel=\"noopener\">Mehr lesen: Huthi-Rakete schl\u00e4gt am Ben-Gurion-Flughafen ein<\/a><\/p>\n\n\n\n<h2 class=\"wp-block-heading\">20 Boote wollen Seeblockade Gazas \u00fcberwinden<\/h2>\n\n\n\n<p><a href=\"https:\/\/de.icej.org\/news\/headlines\/greta-und-gaza\" target=\"_blank\" rel=\"noopener\"><img loading=\"lazy\" decoding=\"async\" class=\"alignright size-medium\" src=\"https:\/\/www.rettung-fuer-deutschland.de\/foto-wp-06-israel-gaza-greta-thunberg-250x250.jpg\" width=\"250\" height=\"250\"\/><\/a><strong>Greta Thunberg und rund 300 Aktivisten aus \u00fcber 40 L\u00e4ndern wollen mit etwa 20 Booten die israelische Seeblockade Gazas \u00fcberwinden. \u00dcber die \u00e4gyptische Seeblockade des Gazastreifens sprechen sie nicht.<\/strong><\/p>\n\n\n\n<p>Von Barcelona aus wollen die antisemitischen Aktivisten den Gazastreifen erreichen. Erst vor etwas mehr als zwei Monaten hatte Thunberg bereits zusammen mit anderen Aktivsten versucht, die Seeblockade zu durchbrechen. Damals allerdings nur mit einem Boot<em>. (Foto: Greta Thunberg, Wikipedia\/Kushal)<\/em> &#8211; <a href=\"https:\/\/de.icej.org\/news\/headlines\/greta-und-gaza\" target=\"_blank\" rel=\"noopener\">Mehr lesen zum Thema: Greta und Gaza<\/a><\/p>\n\n\n\n<h2 class=\"wp-block-heading\">Lebensmut f\u00fcr benachteiligte Jugendliche in Israel<\/h2>\n\n\n\n<p><strong>Viele junge j\u00fcdische Einwanderer haben Schwierigkeiten, ihren Platz in der israelischen Gesellschaft zu finden.<\/strong><\/p>\n\n\n\n<p><a href=\"https:\/\/ssl.axaris.de\/icej\/frontend\/index.php?projectid=101867&#038;cartid=891715521144254981446191&#038;nodeids=0:100550\" target=\"_blank\" rel=\"noopener\"><img loading=\"lazy\" decoding=\"async\" class=\"alignright size-medium\" src=\"https:\/\/www.rettung-fuer-deutschland.de\/foto-wp-07-israel-eingliederung-jugendliche-250c250.jpg\" width=\"250\" height=\"250\"\/><\/a>Sie sind gepr\u00e4gt und \u00fcberfordert von Krieg, Antisemitismus, Armut und pers\u00f6nlichen Verlusten. Mit geringen Hebr\u00e4isch Kenntnissen, auseinandergerissenen Familien und oft ohne Unterst\u00fctzung erscheint ihnen die Zukunft schwer und ungewiss.<\/p>\n\n\n\n<p>Mit Unterst\u00fctzung der ICEJ konnte nun ein Luftschutzbunker in Ashdod in ein lebendiges Jugendzentrum verwandelt werden. In Ashdod leben vor allem Jugendliche aus der Ukraine und Russland. Wir wollen sie ermutigen, positiv in die Zukunft zu blicken und ihre Tr\u00e4ume zu verwirklichen. Danke, liebe ICEJ-Freunde, dass ihr solche Projekte m\u00f6glich macht! <em>(Foto: Brief mit Tr\u00e4umen f\u00fcr die Zukunft, geschrieben von einer der Jugendlichen)<\/em> &#8211; <a href=\"https:\/\/ssl.axaris.de\/icej\/frontend\/index.php?projectid=101867&#038;cartid=891715521144254981446191&#038;nodeids=0:100550\" target=\"_blank\" rel=\"noopener\">Spenden und helfen: Alijah und Integration<\/a><\/p>\n\n\n\n<p><strong><span style=\"color: #d63c42;\">Presseartikel zum Thema Pal\u00e4stina &#038; Israel:<\/span><\/strong><br \/>\n<strong>Es ist eine Tatsache, da\u00df weltweit nicht mehr \u00fcber ein Land gelogen wird, als \u00fcber Israel!<\/strong> <a href=\"https:\/\/rettung-fuer-deutschland.de\/blog\/weltweite-luegen-ueber-israel\/\" target=\"_blank\" rel=\"noopener noreferrer\">\u2026 vollst\u00e4ndigen #Presseartikel lesen bei #WordPress:<\/a><br \/>\n<strong>L\u00fcgen \u00fcber Israel: Wie die L\u00fcge \u00fcber die Hungersnot in Gaza in Umlauf gebracht wurde!<\/strong> <a href=\"https:\/\/rettung-fuer-deutschland.de\/blog\/israel-luege-ueber-gaza-hungersnot-in-umlauf-kam\/\" target=\"_blank\" rel=\"noopener noreferrer\">\u2026 vollst\u00e4ndigen #Presseartikel lesen bei #WordPress:<\/a><br \/>\n<strong>Pal\u00e4stina gibt es und gab es nie als Volk oder Staat. Wie kam es zu der Erfindung des \u201epal\u00e4stinensischen Volkes?\u201c Einige erstaunliche Antworten!<\/strong> <a href=\"https:\/\/ichthys-consulting.de\/blog\/palaestina-gibt-es-und-gab-es-nie-als-volk-oder-staat\/\" target=\"_blank\" rel=\"noopener noreferrer\">\u2026 vollst\u00e4ndigen #Presseartikel lesen bei #WordPress:<\/a><br \/>\n<strong>Die Wahrheit \u00fcber die Entstehung von Israel und die Fl\u00fcchtlingslager der Pal\u00e4stinenser!<\/strong> <a href=\"https:\/\/ichthys-consulting.de\/blog\/die-wahrheit-ueber-die-entstehung-von-israel-und-die-fluechtlingslager-der-palaestinenser\/\" target=\"_blank\" rel=\"noopener noreferrer\">\u2026 vollst\u00e4ndigen #Presseartikel lesen bei #WordPress:<\/a><br \/>\n<strong>Antisemitismus &#038; Ersatztheologie w\u00fcten am heftigsten wenn Israel \u2013 Gottes auserw\u00e4hlte Nation &#8211; floriert!<\/strong> <a href=\"https:\/\/ichthys-consulting.de\/blog\/antisemitismus-ersatztheologie-wueten-gegen-israel\/\" target=\"_blank\" rel=\"noopener noreferrer\">\u2026 vollst\u00e4ndigen #Presseartikel lesen bei #WordPress:<\/a><\/p>\n\n\n\n<p><img loading=\"lazy\" decoding=\"async\" class=\"alignnone size-medium\" src=\"https:\/\/www.rettung-fuer-deutschland.de\/grafik-wp-strich-rot-620x10.gif\" width=\"620\" height=\"10\"\/><br \/>\n<strong><span style=\"font-size: 16px;\"><span style=\"color: #d63c42;\">Wer Krieg gegen Israel f\u00fchrt, egal in welcher Form, f\u00fchrt Krieg gegen GOTT!<\/span><\/span><\/strong><br \/>\nBibel, AT, Sacharja 2,12: Denn so spricht GOTT, der HERR Zebaoth, der mich gesandt hat, \u00fcber die V\u00f6lker, die euch (ISRAEL) beraubt haben: <strong><em>\u201eWer euch (ISRAEL) antastet, der tastet meinen Augapfel an\u201c<\/em><\/strong>.<br \/>\n<br \/>\n<strong><em><span style=\"font-size: 16px;\"><span style=\"color: #d63c42;\">\u201eIch (GOTT) will segnen, die dich (Israel) segnen, und verfluchen, die dich (Israel) verfluchen; und in dir (Israel) sollen gesegnet werden alle Geschlechter auf Erden\u201c<\/span><\/span><\/em><\/strong> (Bibel, AT, 1. Mose 12,3).<br \/>\n<img loading=\"lazy\" decoding=\"async\" class=\"alignnone size-medium\" src=\"https:\/\/www.rettung-fuer-deutschland.de\/grafik-wp-strich-rot-620x10.gif\" width=\"620\" height=\"10\"\/><\/p>\n\n\n\n<p><a href=\"https:\/\/www.rettung-fuer-deutschland.de\/download-israel-presseartikel-rfd-ichthys-consulting.pdf\" target=\"_blank\" rel=\"noopener\"><img loading=\"lazy\" decoding=\"async\" class=\"alignnone size-medium\" src=\"https:\/\/www.rettung-fuer-deutschland.de\/grafik-wp-israel-presseartikel-pdf-liste-620x210.jpg\" width=\"620\" height=\"210\"\/><\/a><\/p>\n\n\n<p><img loading=\"lazy\" decoding=\"async\" class=\"alignnone size-medium\" src=\"https:\/\/www.rettung-fuer-deutschland.de\/grafik-wp-strich-brd-620x10.gif\" width=\"620\" height=\"10\"\/><\/p>\n<p><a href=\"https:\/\/www.rettung-fuer-deutschland.de\" target=\"_blank\" rel=\"noopener noreferrer\"><img loading=\"lazy\" decoding=\"async\" class=\"alignleft\" src=\"https:\/\/www.rettung-fuer-deutschland.de\/grafik-logo-rfd-35x35.jpg\" width=\"35\" height=\"35\"\/><\/a><strong><a title=\"RFD Rettung f\u00fcr Deutschland\" href=\"https:\/\/www.rettung-fuer-deutschland.de\" target=\"_blank\" rel=\"noopener noreferrer\"><span style=\"color: #000080\">RfD Rettung f\u00fcr Deutschland<\/span><\/a><\/strong> &#8211; <a href=\"https:\/\/www.50-erfolgsgrundlagen.de\" target=\"_blank\" rel=\"noopener noreferrer\"><img loading=\"lazy\" decoding=\"async\" class=\"alignright\" src=\"https:\/\/www.50-erfolgsgrundlagen.de\/grafik-wp-buch-titelseite-71x100.jpg\" width=\"71\" height=\"100\"\/><\/a>Mehr von Autor Uwe Melzer lesen Sie im Buch Wirtschaftshandbuch &amp; Ratgeber f\u00fcr den beruflichen Alltag mit dem Titel: <strong><a href=\"https:\/\/www.50-erfolgsgrundlagen.de\" target=\"_blank\" rel=\"noopener noreferrer\"><span style=\"color: #000080\">50 biblische Erfolgsgrundlagen im Gesch\u00e4ftsleben.<\/span><\/a><\/strong> Dieses Buch\/eBook ist erschienen im <strong><a href=\"https:\/\/www.epubli.de\/shop\/autor\/Uwe-Melzer\/2518\" target=\"_blank\" rel=\"noopener noreferrer\"><span style=\"color: #000080\">epubli-Verlag unter Buch-ISBN: 978-3-756537-33-4 und eBook\/ePUB-ISBN: 978-3-756538-25-6.<\/span><\/a><\/strong><\/p>\n<p><a href=\"https:\/\/www.rettung-fuer-deutschland.de\" target=\"_blank\" rel=\"noopener noreferrer\"><img loading=\"lazy\" decoding=\"async\" class=\"alignleft\" src=\"https:\/\/www.rettung-fuer-deutschland.de\/grafik-wp-deutschlandflagge-am-mast-rfd-logo-280x140.jpg\" alt=\"\" width=\"280\" height=\"140\"\/><\/a><strong><a title=\"Rettung &amp; Vision f\u00fcr Deutschland\" href=\"https:\/\/www.rettung-fuer-deutschland.de\" target=\"_blank\" rel=\"noopener noreferrer\"><span style=\"color: #000080\">Rettung &amp; Vision f\u00fcr Deutschland<\/span><\/a><\/strong><br \/>\nE-Mail: <a href=\"mailto:rfd@rettung-fuer-deutschland.de\"><span style=\"color: #000080\">rfd@rettung-fuer-deutschland.de<\/span><\/a><br \/>\nInternet: <a href=\"https:\/\/www.rettung-fuer-deutschland.de\" target=\"_blank\" rel=\"noopener noreferrer\"><span style=\"color: #000080\">www.rettung-fuer-deutschland.de<\/span><\/a><\/p>\n<p><a class=\"twitter-share-button\" href=\"https:\/\/twitter.com\/share\" data-url=\"https:\/\/rettung-fuer-deutschland.de\/blog\/israel-hamas-gaza-luegen-manipulierte-daten\/\" data-text=\"#Israel: #Hamas &#038; #Gaza #L\u00fcgen und #manipulierte #Daten! \u2026 vollst\u00e4ndigen #Presseartikel lesen bei #WordPress:\" data-lang=\"de\">Twittern<\/a> <a href=\"https:\/\/www.xing.com\/spi\/shares\/new?follow_url=https:\/\/www.xing.com\/profile\/Uwe_Melzer2&amp;sc_p=b7910_cb&amp;url=https:\/\/rettung-fuer-deutschland.de\/blog\/israel-hamas-gaza-luegen-manipulierte-daten\/\" target=\"_blank\" rel=\"noopener noreferrer\"><img decoding=\"async\" src=\"https:\/\/www.rettung-fuer-deutschland.de\/grafik-xing-button-60x20.jpg\" alt=\"\" border=\"0\"\/><\/a> <script src=\"\/\/platform.linkedin.com\/in.js\" type=\"text\/javascript\">lang: de_DE<\/script><script type=\"IN\/Share\" data-url=\"https:\/\/rettung-fuer-deutschland.de\/blog\/israel-hamas-gaza-luegen-manipulierte-daten\/\"><\/script><\/p>\n<div class=\"fb-like\" data-href=\"https:\/\/rettung-fuer-deutschland.de\/blog\/israel-hamas-gaza-luegen-manipulierte-daten\/\" data-width=\"200\" data-layout=\"\" data-action=\"\" data-size=\"\" data-share=\"true\"><\/div>","protected":false},"excerpt":{"rendered":"<p>\u201eHERR, errette mich von den L\u00fcgenm\u00e4ulern, von den falschen Zungen.&#8220; (Bibel, AT, Psalm 120,2) das Internet ist voller L\u00fcgen und Halbwahrheiten aus dem Gazastreifen. Nun hat auch die Initiative f\u00fcr Ern\u00e4hrungssicherheit (IPC) offenbar mit zweifelhaften und nicht nachvollziehbaren Methoden gearbeitet, um Israel zu diskreditieren, lassen Recherchen der \u201eWelt\u201c vermuten. Scheinbar wurden Bewertungskriterien ge\u00e4ndert, au\u00dferdem vorerkrankte Kinder zur Ermittlung des allgemeinen Ern\u00e4hrungszustands herangezogen. Mit dieser fragw\u00fcrdigen \u201eDatenlage\u201c begr\u00fcndete die IPC dann eine Hungersnot f\u00fcr Teile Nordgazas. Schon fr\u00fcher fiel die IPC mit anti-israelischer Schieflage auf. So hie\u00df es in einem Bericht von 2024, den die \u201eWelt\u201c zitiert: \u201eDie aktuellen Feindseligkeiten im Gaza-Streifen begannen mit schweren Bombardements am 7. Oktober 2023\u201c \u2013 kein Wort zum Angriff der Hamas als Kriegsausl\u00f6ser. Wer selbst schon einmal verleumdet wurde, der wei\u00df, wie schwer es ist, gegen L\u00fcgen anzuk\u00e4mpfen. Und wie gut es tut, Freunde zu haben, die nicht jeder L\u00fcge glauben. Falsche Fotos und Drohungen &#8211; Die leider erfolgreiche Hamas-Strategie \u2026 vollst\u00e4ndigen Presseartikel lesen bei WordPress: https:\/\/rettung-fuer-deutschland.de\/blog\/israel-hamas-gaza-luegen-manipulierte-daten\/<\/p>\n","protected":false},"author":1,"featured_media":0,"comment_status":"open","ping_status":"open","sticky":false,"template":"","format":"standard","meta":{"footnotes":""},"categories":[1,19,4056,4,3932,4694,3,49],"tags":[5340,4145,2552,5005,5339,1563,5126,5086,5337,828,1746,2983,481,846,5338,832,91,3990,1939],"class_list":["post-13387","post","type-post","status-publish","format-standard","hentry","category-allgemein","category-deutschland","category-europa","category-gesellschaft","category-israel","category-krieg","category-politik","category-welt","tag-daten","tag-gaza","tag-geiseln","tag-genozid","tag-greta-thunberg","tag-hamas","tag-hungersnot","tag-huthi","tag-ipc","tag-israel","tag-journalisten","tag-judenhass","tag-kinder","tag-lugen","tag-manipulierte","tag-palastinenser","tag-politiker","tag-sanktionen","tag-welt"],"_links":{"self":[{"href":"https:\/\/rettung-fuer-deutschland.de\/blog\/wp-json\/wp\/v2\/posts\/13387","targetHints":{"allow":["GET"]}}],"collection":[{"href":"https:\/\/rettung-fuer-deutschland.de\/blog\/wp-json\/wp\/v2\/posts"}],"about":[{"href":"https:\/\/rettung-fuer-deutschland.de\/blog\/wp-json\/wp\/v2\/types\/post"}],"author":[{"embeddable":true,"href":"https:\/\/rettung-fuer-deutschland.de\/blog\/wp-json\/wp\/v2\/users\/1"}],"replies":[{"embeddable":true,"href":"https:\/\/rettung-fuer-deutschland.de\/blog\/wp-json\/wp\/v2\/comments?post=13387"}],"version-history":[{"count":2,"href":"https:\/\/rettung-fuer-deutschland.de\/blog\/wp-json\/wp\/v2\/posts\/13387\/revisions"}],"predecessor-version":[{"id":13435,"href":"https:\/\/rettung-fuer-deutschland.de\/blog\/wp-json\/wp\/v2\/posts\/13387\/revisions\/13435"}],"wp:attachment":[{"href":"https:\/\/rettung-fuer-deutschland.de\/blog\/wp-json\/wp\/v2\/media?parent=13387"}],"wp:term":[{"taxonomy":"category","embeddable":true,"href":"https:\/\/rettung-fuer-deutschland.de\/blog\/wp-json\/wp\/v2\/categories?post=13387"},{"taxonomy":"post_tag","embeddable":true,"href":"https:\/\/rettung-fuer-deutschland.de\/blog\/wp-json\/wp\/v2\/tags?post=13387"}],"curies":[{"name":"wp","href":"https:\/\/api.w.org\/{rel}","templated":true}]}}