{"id":13494,"date":"2025-10-21T18:31:22","date_gmt":"2025-10-21T16:31:22","guid":{"rendered":"https:\/\/rettung-fuer-deutschland.de\/blog\/?p=13494"},"modified":"2025-10-21T18:31:24","modified_gmt":"2025-10-21T16:31:24","slug":"israel-gaza-hamas-naive-weltsicht-medien","status":"publish","type":"post","link":"https:\/\/rettung-fuer-deutschland.de\/blog\/israel-gaza-hamas-naive-weltsicht-medien\/","title":{"rendered":"ISRAEL: Gaza &#038; Hamas und die naive Weltsicht vieler Medien!"},"content":{"rendered":"\n<p><a href=\"https:\/\/rettung-fuer-deutschland.de\/blog\/israel-gaza-hamas-naive-weltsicht-medien\/\"><img loading=\"lazy\" decoding=\"async\" width=\"620\" height=\"607\" class=\"alignnone size-medium\" src=\"https:\/\/www.rettung-fuer-deutschland.de\/foto-wp-israel-israel-gaza-hamas-naive-weltsicht-medien-620x625.jpg\"\/><\/a><br \/><em>(Fotos: Bildmontagen aus Fotoarchiv von ICHTHYS CONSULTING christliche Unternehmensberatung \/ 50 biblische Erfolgsgrundlagen \/ <a href=\"https:\/\/www.50-erfolgsgrundlagen.de\/b50-autor.html\" target=\"_blank\" rel=\"noopener noreferrer\">Buchautor: Uwe Melzer<\/a>)<\/em><\/p>\n\n\n\n<p><strong><em>\u201eEine heilsame Zunge ist ein Baum des Lebens\u201c<\/em><\/strong> (Bibel, AT,Spr\u00fcche 15,4)<\/p>\n\n\n\n<p><strong><em>\u201eDie Geiseln sind ja jetzt zur\u00fcck, da braucht es doch keine Solidarit\u00e4tsveranstaltung mehr?\u201c,<\/em> bekamen wir diese Woche von Journalisten zu h\u00f6ren. Diese Frage offenbart die ganze Naivit\u00e4t, mit der viele Medien und Politiker das Hamas-Problem betrachten.<\/strong><\/p>\n\n\n\n<p><strong>Leider gibt es f\u00fcr Israel noch kein Happy End. Die Hamas hat angek\u00fcndigt, den Terror fortzusetzen. Weltweit. Trotzdem will Deutschland nun wieder Hilfsgelder schicken. Die letzten zwei Jahre haben au\u00dferdem offenbart: Der Hass, der in Gaza herrscht, hat sich auch auf unseren Stra\u00dfen breitgemacht.<\/strong><\/p>\n\n\n\n<p>Neben Sie deshalb liebe Leser an einer Solidarit\u00e4tsveranstaltung f\u00fcr Israel teil. Unsere . j\u00fcdischen Freunde sollen erleben, dass wir ihre schwierige Lage erkennen und weiter f\u00fcr die j\u00fcdische Gemeinschaft und Israel einstehen. Lasst uns Gott danken f\u00fcr die Befreiung der israelischen Geiseln.<\/p>\n\n\n\n<h2 class=\"wp-block-heading\">Heimkehr der Geiseln: Trump gibt Gott die Ehre<\/h2>\n\n\n\n<p><a href=\"https:\/\/de.icej.org\/events\/termine\" target=\"_blank\" rel=\"noopener\"><img loading=\"lazy\" decoding=\"async\" class=\"alignright size-medium\" src=\"https:\/\/www.rettung-fuer-deutschland.de\/foto-wp-01-foto-trump-geiseln-israel-250x250.jpg\" width=\"250\" height=\"250\"\/><\/a><strong>Was in vielen Medien nicht zu lesen war: US-Pr\u00e4sident Donald Trump stellte nach der Geiselbefreiung den Dank an Gott an erste Stelle.<\/strong><\/p>\n\n\n\n<p><strong><em>\u201eWir haben uns versammelt, um dem Gott Abrahams, Isaaks und Jakobs zu danken\u201c<\/em><\/strong>, so lautete der erste Satz der Rede, die US-Pr\u00e4sident Trump bei seinem Kurzbesuch in Israel am Montag vor dem israelischen Parlament hielt. Diesem Dank schlie\u00dfen wir uns an. &#8211; <em>(Foto: US-Pr\u00e4sident Trump im Kreis der Beter des von ihm gegr\u00fcndeten &#8222;White House Faith Office&#8220;, das &#8222;Glaubensb\u00fcro&#8220; im Wei\u00dfen Haus &#8211; PF White House\/Archiv)<\/em> &#8211; <strong><a href=\"https:\/\/de.icej.org\/events\/termine\" target=\"_blank\" rel=\"noopener\">Gebetstermine der ICEJ<\/a><\/strong><\/p>\n\n\n\n<h2 class=\"wp-block-heading\">\u00dcber 200 Millionen Euro Soforthilfe f\u00fcr Gaza<\/h2>\n\n\n\n<h2 class=\"wp-block-heading\">Deutsche Wiederaufbau-Zusage trotz Hamas-Herrschaft<\/h2>\n\n\n\n<p><strong>Das ist passiert:<\/strong><br \/>\nNach dem weitgehenden R\u00fcckzug Israels aus dem Gazastreifen hat die Hamas wieder die Herrschaft \u00fcbernommen. Zu Trumps 20-Punkte-Plan geh\u00f6rt nicht nur die \u00dcbergabe der lebenden, sondern auch der ermordeten Geiseln sowie eine vollst\u00e4ndige Entwaffnung der Hamas. Diese Punkte hat die Hamas nicht erf\u00fcllt. Sie hat stattdessen angek\u00fcndigt, den Terror gegen Israel fortzusetzen.<\/p>\n\n\n\n<p>Dennoch sagte SPD-Entwicklungsministerin Alabali Radovan laut &#8222;Spiegel&#8220;-Bericht am Donnerstag Soforthilfen f\u00fcr den Gazastreifen in H\u00f6he von <strong>&#8222;mindestens 200 Millionen Euro&#8220;<\/strong> zu. Die Entwicklungsministerin betonte, man werde die Verwendung der Hilfsgelder pr\u00fcfen. Dies sei auch schon in der Vergangenheit geschehen. Die deutsche Bundesregierung k\u00fcndigte au\u00dferdem Anfang der Woche eine humanit\u00e4re <strong>Soforthilfe in H\u00f6he von 29 Millionen Euro an.<\/strong><\/p>\n\n\n\n<p><a href=\"https:\/\/rettung-fuer-deutschland.de\/blog\/israel-gaza-hamas-naive-weltsicht-medien\/\"><img loading=\"lazy\" decoding=\"async\" class=\"alignright size-medium\" src=\"https:\/\/www.rettung-fuer-deutschland.de\/foto-wp-02-hamas-terroristen-un-250x250.jpg\" width=\"250\" height=\"250\"\/><\/a><strong>Das sollten Sie wissen:<\/strong><br \/>\nBereits vor dem Terror\u00fcberfall der Hamas auf Israel flossen Milliarden Hilfsgelder aus aller Welt in den Gazastreifen. Deutschland geh\u00f6rte zu den gr\u00f6\u00dften Zahlern, auch nach dem 7. Oktober 2023, <strong>obwohl bekannt war, dass Hilfsgelder zur Terrorf\u00f6rderung und -verherrlichung verwendet wurden, unter anderem an UNRWA-Schulen.<\/strong>\n\n\n\n<\/p><p><strong>Die Hamas entwickelte sich zur reichsten Terrororganisation der Welt, ohne dass die Hilfszahlungen hinterfragt wurden. Deutsche Steuergelder flossen auch direkt in den Aufbau der Terrorinfrastruktur, beispielsweise \u00fcber UNRWA-Immobilien, die zu Terrorzwecken genutzt wurden. Damit trugen deutsche Steuerzahler zum \u201eErfolg\u201c des Massakers vom 7. Oktober 2023 bei.<\/strong> &#8211; <em>(Foto: Bewaffnete Hamas-Terroristen bei UNO-Fahrzeugen im Gazastreifen &#8211; IDF-Drohnenaufnahme)<\/em><\/p>\n\n\n\n<p><strong>Darum ist es wichtig:<\/strong><br \/>\nWeder die UNO noch deutsche Politiker haben sich bei der israelischen Bev\u00f6lkerung f\u00fcr die Terror-Mitfinanzierung entschuldigt. Israel bef\u00fcrchtet, dass die Hilfsgelder erneut in Terrorstrukturen flie\u00dfen, solange die Hamas den Gazastreifen kontrolliert.<\/p>\n\n\n\n<p><strong>Anmerkung von Autor Uwe Melzer<\/strong><br \/>\n<a href=\"https:\/\/rettung-fuer-deutschland.de\/blog\/seit-22-01-2015-ruft-der-tuerkische-staatspraesident-erdogan-jaehrlich-bis-heute-immer-wieder-oeffentlich-zum-krieg-gegen-israel-auf\" target=\"_blank\" rel=\"noopener\"><img loading=\"lazy\" decoding=\"async\" class=\"alignright size-medium\" src=\"https:\/\/www.rettung-fuer-deutschland.de\/foto-wp-erdogan-aufruf-krieg-gegen-israel-um-jerusalem-250x246.jpg\" width=\"250\" height=\"246\"\/><\/a>Viele islamischen Staaten haben die Hamas unterst\u00fctz und ermutigt Terror gegen Israel zu ver\u00fcben bzw. mitfinanziert. Dazu geh\u00f6ren Staaten wie Katar, Iran, T\u00fcrkei und viele mehr. Warum soll also jetzt der \u201eWesten\u201c und die deutschen Steuerzahler den Wiederaufbau des Gazastreifens bezahlen? Das sollen doch die islamischen Staaten tun, die bisher nur durch Unterst\u00fctzung f\u00fcr den Hamas Terror aufgefallen sind. Auch der t\u00fcrkische Pr\u00e4sident Erdogan hat mehrfach \u00f6ffentlich ge\u00e4u\u00dfert, da\u00df der Israel und Jerusalem f\u00fcr den Islam einnehmen will. Das wird nur nicht in den deutschen Nachrichten gesendet. Nachlesen k\u00f6nnen Sie das hier: <strong><a href=\"https:\/\/rettung-fuer-deutschland.de\/blog\/seit-22-01-2015-ruft-der-tuerkische-staatspraesident-erdogan-jaehrlich-bis-heute-immer-wieder-oeffentlich-zum-krieg-gegen-israel-auf\/\" target=\"_blank\" rel=\"noopener\">Presseartikel Erdogan<\/a><\/strong><\/p>\n\n\n\n<h2 class=\"wp-block-heading\">Trauma und Suizid<\/h2>\n\n\n\n<p><a href=\"https:\/\/ssl.axaris.de\/icej\/frontend\/index.php?projectid=100556&#038;cartid=896014541533899708967212&#038;nodeids=0:100550\" target=\"_blank\" rel=\"noopener\"><img loading=\"lazy\" decoding=\"async\" class=\"alignright size-medium\" src=\"https:\/\/www.rettung-fuer-deutschland.de\/foto-wp-03-geisel-drama-trauma-250x250.jpg\" width=\"250\" height=\"250\"\/><\/a><strong>Erneut hat ein \u00dcberlebender des Massakers vom 7. Oktober 2023 Suizid begangen. Viele \u00dcberlebende sind schwer traumatisiert.<\/strong><\/p>\n\n\n\n<p>Roei Shalev war mit seiner Freundin Mapal Adam auf dem Nova-Festival. Als die Terroristen kamen, kroch das P\u00e4rchen unter einen Lastwagen, stellte sich tot. Roei deckte den K\u00f6rper seiner Freundin mit seinem eigenen K\u00f6rper. Terroristen schossen ihm in den R\u00fccken, eine Kugel traf auch seine Freundin. Sie starb in seinen Armen. <strong><em>\u201eSie sah die Terroristen nicht. Sie sah nur mich an und schloss ihre Augen\u201c<\/em><\/strong>, berichtete Roei sp\u00e4ter ihrer Schwester von den letzten Momenten in Mapals Leben. &#8211; <em>(Foto: Gedenkst\u00e4tte auf dem Gel\u00e4nde des Nova-Festivals &#8211; ICEJ Media\/Karin Lorenz)<\/em><\/p>\n\n\n\n<p>Wenige Tage nach Mapals zweitem Todestag wurde die Leiche des 30-J\u00e4hrigen gefunden. Er konnte den Schmerz und die Erinnerung nicht mehr ertragen. \u201eIch m\u00f6chte nur, dass dieses Leiden ein Ende hat\u201c, schrieb er in einem Abschiedsbrief. &#8211; <a href=\"https:\/\/ssl.axaris.de\/icej\/frontend\/index.php?projectid=100556&#038;cartid=896014541533899708967212&#038;nodeids=0:100550l\" target=\"_blank\" rel=\"noopener\"><strong>Nothilfe f\u00fcr Israel<\/strong><\/a><\/p>\n\n\n\n<h2 class=\"wp-block-heading\">Das Schweigen der Pro-Pal\u00e4stina-Szene<\/h2>\n\n\n\n<p><a href=\"https:\/\/faszinationisrael.de\/index.php\/component\/content\/article\/101-antisemitismus-wo-sind-die-grenzen?catid=12&#038;Itemid=101\" target=\"_blank\" rel=\"noopener\"><img loading=\"lazy\" decoding=\"async\" class=\"alignright size-medium\" src=\"https:\/\/www.rettung-fuer-deutschland.de\/foto-wp-04-hamas-toetet-eigene-bevoelkerung-250x250.jpg\" width=\"250\" height=\"250\"\/><\/a><strong>Die Hamas setzt ihre blutige Herrschaft in Gaza fort. Videos auf Social Media zeigen offenbar Erschie\u00dfungen, begleitet von &#8222;Allahu Akbar&#8220;-Rufen. Die Pro-Pal\u00e4stina-Szene schweigt.<\/strong><\/p>\n\n\n\n<p><strong>Mindestens 33 Menschen wurden verschiedenen Medienberichten zufolge seit Freitag von Hamas-Terroristen auf offener Stra\u00dfe ermordet<\/strong><strong>.<\/strong> Das Schweigen der &#8222;Pal\u00e4stinenser-Freunde&#8220; zeigt: Es ging ihnen nie um das Wohlergehen der Pal\u00e4stinenser, nur um die D\u00e4monisierung des j\u00fcdischen Staats. \u201eDas erkl\u00e4rt, warum das gro\u00dfe Leid im Sudan, im Jemen und in Syrien auf Deutschlands Stra\u00dfen keine Rolle spielte\u201c, res\u00fcmiert Springer-Politikredakteur Filipp Piatov: <strong><em>\u201eWarum alle m\u00f6glichen Kriege auf der Welt toben, aber nur israelische Restaurants beschmiert und nur israelische Touristen angegriffen werden.\u201c<\/em><\/strong> <em>(Foto: X)<\/em> &#8211; <strong><a href=\"https:\/\/tbdae78fc.emailsys1a.net\/c\/66\/8681411\/80\/0\/5679815\/5849\/769676\/89c32104c1.html\" target=\"_blank\" rel=\"noopener\">Mitbeten: Gebetstermine und Veranstaltungen<\/a><\/strong><\/p>\n\n\n\n<h2 class=\"wp-block-heading\">ZDF-Journalisten bezeichnen M\u00f6rder als Geiseln<\/h2>\n\n\n\n<p><a href=\"https:\/\/faszinationisrael.de\/index.php\/component\/content\/article\/101-antisemitismus-wo-sind-die-grenzen?catid=12&#038;Itemid=101\" target=\"_blank\" rel=\"noopener\"><img loading=\"lazy\" decoding=\"async\" class=\"alignright size-medium\" src=\"https:\/\/www.rettung-fuer-deutschland.de\/foto-wp-05-zdf-bezeichnet-hamas-moerder-als-geisel-250x250.jpg\" width=\"250\" height=\"250\"\/><\/a><strong>Im \u00f6ffentlich-rechtlichen Rundfunk wurden die von Israel im Rahmen des Trump-Plans freigelassenen H\u00e4ftlinge faktenwidrig als \u201eGeiseln\u201c bezeichnet.<\/strong><\/p>\n\n\n\n<p><strong>ZDF-Moderatorin Dunja Hayali und USA-Korrespondent Elmar Theve\u00dfen sprachen von einem \u201eGeiselaustausch\u201c, der zwischen Israel und der Hamas stattgefunden habe.<\/strong> Israel musste f\u00fcr die Freilassung der 20 lebenden Geiseln, die beim Terror\u00fcberfall vor zwei Jahren in den Gazastreifen verschleppt und in den Terrortunneln der Hamas gefoltert wurden, fast 2.000 pal\u00e4stinensische H\u00e4ftlinge freilassen, darunter rechtskr\u00e4ftig verurteilte M\u00f6rder und Terroristen. &#8211; <em>(Foto: Die ermordete Geisel Inbar Hayman. Ihre Leiche wurde diese Woche an Israel \u00fcbergeben &#8211; Foto: privat)<\/em> &#8211; <strong>Unterst\u00fctzen Sie gute Israel-Berichterstattung:<\/strong> <a href=\"https:\/\/ssl.axaris.de\/icej\/frontend\/index.php?projectid=102156&#038;cartid=896014541533899708967212&#038;nodeids=0:100550\" target=\"_blank\" rel=\"noopener\"><strong>TV-Serie &#8222;Faszination Israel&#8220;<\/strong><\/a><\/p>\n\n\n\n<p><strong>Hier ein Beweis wie naiv auch die Berichterstattung in der ARD am 19.10.2025 in der Tageschau von 20:00 \u2013 20:15 Uhr, zum Nachteil von Israel, auch gewesen ist von Autor Uwe Melzer.<\/strong><\/p>\n\n\n\n<p><strong>Was ist passiert:<\/strong><br \/>\nEs wurde \u00fcber den Bruch des Waffenstillstands durch die Hamas berichtet und die darauf folgende Reaktion von Israel. Dann wurde eine Frau im Gazastreifen gezeigt, die in einem Interview behauptet<strong><em>: \u201eSie h\u00e4tten kein Wasser und zu wenig Nahrung.\u201c<\/em><\/strong> Die Frau sah aber wohl gen\u00e4hrt und v\u00f6llig gesund aus <strong>und im Hintergrund liefen mehrere M\u00e4nner mit vollen 20 L Wasserkanister mehrfach quer \u00fcber die Stra\u00dfe.<\/strong> Hier gibt es offensichtlich keinen Trinkwassermangel. Dieser Art von Interview ist eine \u00fcbliche Hamas Propaganda, denn es gibt keine unabh\u00e4ngigen Filmteams im Gazastreifen. Sie alle werden von der Hamas kontrolliert, da\u00df nur das gesendet werden darf was der Hamas dient. Warum wird in einem der Hauptnachrichtensender der ARD Tageschschau so ein Bericht nicht vorher angesehen und auf den Wahrheitsgehalt gepr\u00fcft. Wenn das schon jeder Fernsehzuschauer erkennen kann, dann warum nicht die ARD Redakteure (-innen)?<\/p>\n\n\n\n<p><strong>Quellen <a href=\"https:\/\/de.icej.org\/\" target=\"_blank\" rel=\"noopener\">ICEJ-Deutscher Zweig e.V.<\/a>:<\/strong><br \/>\n<a href=\"https:\/\/de.icej.org\/\" target=\"_blank\" rel=\"noopener\"><img loading=\"lazy\" decoding=\"async\" class=\"alignright size-medium\" src=\"https:\/\/www.ichthys-consulting.de\/grafik-wp-logo-icej-250x62.jpg\" width=\"250\" height=\"62\"\/><\/a>Die Journalisten der ICEJ legen gro\u00dfen Wert darauf, f\u00fcr alle Nachrichten und Kommentare \u00fcber Israel und den Nahen Osten ausschlie\u00dflich auf seri\u00f6se Quellen zuzugreifen. Zus\u00e4tzlich wird in der Nachrichtenredaktion der ICEJ gepr\u00fcft, ob einzelne Angaben auch von mindestens einer zweiten seri\u00f6sen Quelle abgedeckt werden. Alle Quellen, auf die wir bei unseren Recherchen zugreifen, sind nachfolgend aufgef\u00fchrt. Quellen: u.a. AFP, AP, Arutz 7, BILD, CNN, DPA, Ha&#8217;aretz, i24, IDF, Israel21c, Jerusalem Post, MAARIV, n-tv, Reuters, Spiegel, The Times of Israel, Die Welt, Zeit, Focus, Neue Z\u00fcricher Zeitung, J\u00fcdische Allgemeine, J\u00fcdische Rundschau.<\/p>\n\n\n\n<p><img loading=\"lazy\" decoding=\"async\" class=\"alignnone size-medium\" src=\"https:\/\/www.ichthys-consulting.de\/grafik-wp-strich-rot-620x10.gif\" width=\"620\" height=\"10\"\/><br \/>\n<strong><span style=\"font-size: 16px;\"><span style=\"color: #d63c42;\">Wer Krieg gegen Israel f\u00fchrt, egal in welcher Form, f\u00fchrt Krieg gegen GOTT!<\/span><\/span><\/strong><br \/>\nBibel, AT, Sacharja 2,12: Denn so spricht GOTT, der HERR Zebaoth, der mich gesandt hat, \u00fcber die V\u00f6lker, die euch (ISRAEL) beraubt haben: <strong><em>\u201eWer euch (ISRAEL) antastet, der tastet meinen Augapfel an\u201c<\/em><\/strong>.<br \/>\n<br \/>\n<strong><em><span style=\"font-size: 16px;\"><span style=\"color: #d63c42;\">\u201eIch (GOTT) will segnen, die dich (Israel) segnen, und verfluchen, die dich (Israel) verfluchen; und in dir (Israel) sollen gesegnet werden alle Geschlechter auf Erden\u201c<\/span><\/span><\/em><\/strong> (Bibel, AT, 1. Mose 12,3).<br \/>\n<img loading=\"lazy\" decoding=\"async\" class=\"alignnone size-medium\" src=\"https:\/\/www.rettung-fuer-deutschland.de\/grafik-wp-strich-rot-620x10.gif\" width=\"620\" height=\"10\"\/><\/p>\n\n\n\n<figure class=\"wp-block-image\"><a href=\"https:\/\/www.rettung-fuer-deutschland.de\/download-israel-presseartikel-rfd-ichthys-consulting.pdf\" target=\"_blank\" rel=\"noopener noreferrer\"><img decoding=\"async\" src=\"https:\/\/www.rettung-fuer-deutschland.de\/grafik-wp-israel-presseartikel-pdf-liste-620x210.jpg\" alt=\"\"\/><\/a><\/figure>\n\n\n\n<p><img loading=\"lazy\" decoding=\"async\" class=\"alignnone size-medium\" src=\"https:\/\/www.rettung-fuer-deutschland.de\/grafik-wp-strich-brd-620x10.gif\" width=\"620\" height=\"10\"\/><\/p>\n<p><a href=\"https:\/\/www.rettung-fuer-deutschland.de\" target=\"_blank\" rel=\"noopener noreferrer\"><img loading=\"lazy\" decoding=\"async\" class=\"alignleft\" src=\"https:\/\/www.ichthys-consulting.de\/grafik-logo-rfd-60x60.jpg\" width=\"60\" height=\"60\"\/><\/a><a href=\"https:\/\/www.50-erfolgsgrundlagen.de\" target=\"_blank\" rel=\"noopener noreferrer\"><img loading=\"lazy\" decoding=\"async\" class=\"alignright\" src=\"https:\/\/www.50-erfolgsgrundlagen.de\/grafik-wp-buch-titelseite-71x100.jpg\" width=\"71\" height=\"100\"\/><\/a><strong><a title=\"RFD Rettung f\u00fcr Deutschland\" href=\"https:\/\/www.rettung-fuer-deutschland.de\" target=\"_blank\" rel=\"noopener noreferrer\"><span style=\"color: #000080;\">RfD Rettung f\u00fcr Deutschland<\/span><\/a><\/strong> &#8211; Mehr von Autor Uwe Melzer lesen Sie in diesen Presseblogs bei WordPress: <strong><a href=\"https:\/\/wissen-agentur.de\/blog\/\" target=\"_blank\" rel=\"noopener noreferrer\"><span style=\"color: #000080;\">Blog Wirtschaft<\/span><\/a> &#8211; <a href=\"https:\/\/rettung-fuer-deutschland.de\/blog\/\" target=\"_blank\" rel=\"noopener noreferrer\"><span style=\"color: #000080;\">Blog Politik<\/span><\/a> &#8211; <a href=\"https:\/\/50-erfolgsgrundlagen.de\/blog\/\" target=\"_blank\" rel=\"noopener noreferrer\"><span style=\"color: #000080;\">Blog Erfolgsgrundlagen<\/span><\/a> &#8211; <a href=\"https:\/\/ichthys-consulting.de\/blog\/\" target=\"_blank\" rel=\"noopener noreferrer\"><span style=\"color: #000080;\">Blog christliche Unternehmensberatung<\/span><\/a> &#8211; <a href=\"https:\/\/oeko-architektenhaus.de\/blog\/\" target=\"_blank\" rel=\"noopener noreferrer\"><span style=\"color: #000080;\">Blog \u00f6kologischer Hausbau<\/span><\/a> &#8211; <a href=\"https:\/\/www.50-erfolgsgrundlagen.de\" target=\"_blank\" rel=\"noopener noreferrer\"><span style=\"color: #000080;\">Buch eBook ePUB 50 Erfolgsgrundlagen<\/span><\/a><\/strong><\/p>\n\n\n\n<p><a href=\"https:\/\/www.rettung-fuer-deutschland.de\" target=\"_blank\" rel=\"noopener noreferrer\"><img loading=\"lazy\" decoding=\"async\" class=\"alignleft\" src=\"https:\/\/www.rettung-fuer-deutschland.de\/grafik-wp-deutschlandflagge-am-mast-rfd-logo-280x140.jpg\" alt=\"\" width=\"280\" height=\"140\" \/><\/a><strong><a title=\"Rettung &amp; Vision f\u00fcr Deutschland\" href=\"https:\/\/www.rettung-fuer-deutschland.de\" target=\"_blank\" rel=\"noopener noreferrer\"><span style=\"color: #000080;\">Rettung &amp; Vision f\u00fcr Deutschland<\/span><\/a><\/strong><br \/>\nE-Mail: <a href=\"mailto:rfd@rettung-fuer-deutschland.de\"><span style=\"color: #000080;\">rfd@rettung-fuer-deutschland.de<\/span><\/a><br \/>\nInternet: <a href=\"https:\/\/www.rettung-fuer-deutschland.de\" target=\"_blank\" rel=\"noopener noreferrer\"><span style=\"color: #000080;\">www.rettung-fuer-deutschland.de<\/span><\/a><\/p>\n<p><a class=\"twitter-share-button\" href=\"https:\/\/twitter.com\/share\" data-url=\"https:\/\/rettung-fuer-deutschland.de\/blog\/israel-gaza-hamas-naive-weltsicht-medien\/\" data-text=\"#ISRAEL: #Gaza &#038; #Hamas und die #naive #Weltsicht vieler #Medien!! ... vollst\u00e4ndigen #Presseartikel lesen bei #WordPress:\" data-lang=\"de\">Twittern<\/a> <a href=\"https:\/\/www.xing.com\/spi\/shares\/new?follow_url=https:\/\/www.xing.com\/profile\/Uwe_Melzer2&amp;sc_p=b7910_cb&amp;url=https:\/\/rettung-fuer-deutschland.de\/blog\/israel-gaza-hamas-naive-weltsicht-medien\/\" target=\"_blank\" rel=\"noopener noreferrer\"><img decoding=\"async\" src=\"https:\/\/www.rettung-fuer-deutschland.de\/grafik-xing-button-60x20.jpg\" alt=\"\" border=\"0\" \/><\/a> <script src=\"\/\/platform.linkedin.com\/in.js\" type=\"text\/javascript\">lang: de_DE<\/script><script type=\"IN\/Share\" data-url=\"https:\/\/rettung-fuer-deutschland.de\/blog\/israel-gaza-hamas-naive-weltsicht-medien\/\"><\/script><\/p>\n<div class=\"fb-like\" data-href=\"https:\/\/rettung-fuer-deutschland.de\/blog\/israel-gaza-hamas-naive-weltsicht-medien\/\" data-width=\"200\" data-layout=\"\" data-action=\"\" data-size=\"\" data-share=\"true\">\u00a0<\/div>\n","protected":false},"excerpt":{"rendered":"<p>\u201eEine heilsame Zunge ist ein Baum des Lebens\u201c (Bibel, AT, Spr\u00fcche 15,4). \u201eDie Geiseln sind ja jetzt zur\u00fcck, da braucht es doch keine Solidarit\u00e4tsveranstaltung mehr?\u201c, bekamen wir diese Woche von Journalisten zu h\u00f6ren. Diese Frage offenbart die ganze Naivit\u00e4t, mit der viele Medien und Politiker das Hamas-Problem betrachten. Leider gibt es f\u00fcr Israel noch kein Happy End. Die Hamas hat angek\u00fcndigt, den Terror fortzusetzen. Weltweit. Trotzdem will Deutschland nun wieder Hilfsgelder schicken. Die letzten zwei Jahre haben au\u00dferdem offenbart: Der Hass, der in Gaza herrscht, hat sich auch auf unseren Stra\u00dfen breitgemacht. Neben Sie deshalb liebe Leser an einer Solidarit\u00e4tsveranstaltung f\u00fcr Israel teil. Unsere . j\u00fcdischen Freunde sollen erleben, dass wir ihre schwierige Lage erkennen und weiter f\u00fcr die j\u00fcdische Gemeinschaft und Israel einstehen. Lasst uns Gott danken f\u00fcr die Befreiung der israelischen Geiseln. Heimkehr der Geiseln: Trump gibt Gott die Ehre! Was in vielen Medien nicht zu lesen war: \u2026 vollst\u00e4ndigen Presseartikel lesen bei WordPress: https:\/\/rettung-fuer-deutschland.de\/blog\/israel-gaza-hamas-naive-weltsicht-medien\/<\/p>\n","protected":false},"author":1,"featured_media":0,"comment_status":"open","ping_status":"open","sticky":false,"template":"","format":"standard","meta":{"footnotes":""},"categories":[1,19,4056,4,3932,4694,3,3933,4272,49],"tags":[2637,1937,4145,2552,1563,2544,5064,828,1746,2002,2559,5353,1866,91,5355,808,2631,827,5354,310],"class_list":["post-13494","post","type-post","status-publish","format-standard","hentry","category-allgemein","category-deutschland","category-europa","category-gesellschaft","category-israel","category-krieg","category-politik","category-tuerkei-erdogan","category-usa","category-welt","tag-ard","tag-deutschland","tag-gaza","tag-geiseln","tag-hamas","tag-hass","tag-hilfsgelder","tag-israel","tag-journalisten","tag-medien","tag-moerder","tag-naive","tag-palaestina","tag-politiker","tag-tageschau","tag-terror","tag-trump","tag-uno","tag-weltsicht","tag-zdf"],"_links":{"self":[{"href":"https:\/\/rettung-fuer-deutschland.de\/blog\/wp-json\/wp\/v2\/posts\/13494","targetHints":{"allow":["GET"]}}],"collection":[{"href":"https:\/\/rettung-fuer-deutschland.de\/blog\/wp-json\/wp\/v2\/posts"}],"about":[{"href":"https:\/\/rettung-fuer-deutschland.de\/blog\/wp-json\/wp\/v2\/types\/post"}],"author":[{"embeddable":true,"href":"https:\/\/rettung-fuer-deutschland.de\/blog\/wp-json\/wp\/v2\/users\/1"}],"replies":[{"embeddable":true,"href":"https:\/\/rettung-fuer-deutschland.de\/blog\/wp-json\/wp\/v2\/comments?post=13494"}],"version-history":[{"count":3,"href":"https:\/\/rettung-fuer-deutschland.de\/blog\/wp-json\/wp\/v2\/posts\/13494\/revisions"}],"predecessor-version":[{"id":13535,"href":"https:\/\/rettung-fuer-deutschland.de\/blog\/wp-json\/wp\/v2\/posts\/13494\/revisions\/13535"}],"wp:attachment":[{"href":"https:\/\/rettung-fuer-deutschland.de\/blog\/wp-json\/wp\/v2\/media?parent=13494"}],"wp:term":[{"taxonomy":"category","embeddable":true,"href":"https:\/\/rettung-fuer-deutschland.de\/blog\/wp-json\/wp\/v2\/categories?post=13494"},{"taxonomy":"post_tag","embeddable":true,"href":"https:\/\/rettung-fuer-deutschland.de\/blog\/wp-json\/wp\/v2\/tags?post=13494"}],"curies":[{"name":"wp","href":"https:\/\/api.w.org\/{rel}","templated":true}]}}