{"id":2121,"date":"2016-11-09T13:30:35","date_gmt":"2016-11-09T12:30:35","guid":{"rendered":"http:\/\/rettung-fuer-deutschland.de\/blog\/?p=2121"},"modified":"2020-11-11T18:32:22","modified_gmt":"2020-11-11T17:32:22","slug":"video-das-donald-trump-zum-neuen-praesidenten-der-usa-gemacht-hat","status":"publish","type":"post","link":"https:\/\/rettung-fuer-deutschland.de\/blog\/video-das-donald-trump-zum-neuen-praesidenten-der-usa-gemacht-hat\/","title":{"rendered":"Video das Donald Trump zum neuen Pr\u00e4sidenten der USA gemacht hat!"},"content":{"rendered":"<p><a href=\"https:\/\/www.youtube.com\/watch?feature=player_embedded&amp;v=vV0Jn8IF8_E\"><img loading=\"lazy\" decoding=\"async\" src=\"https:\/\/www.rettung-fuer-deutschland.de\/foto-wp-video-das-trump-zum-neuen-praesidenten-der-usa-machte-620x414.jpg\" width=\"620\" height=\"414\" alt=\"\" class=\"alignnone size-medium\"\/><\/a><\/p>\n<p><strong>USA Wahl Donald Trump ist der neue US-Pr\u00e4sident:<\/strong><br \/>\nSchon lang vor der Wahlnacht haben wir seit Wochen dieses Video mit deutschen Untertiteln, das unter anderem Donald Trump zum neuen Pr\u00e4sidenten der USA gemacht hat, laufend ver\u00f6ffentlicht. Dieses Video zeigt einen v\u00f6llig anderen Trump, n\u00e4mlich einen tats\u00e4chlich w\u00fcrdigen und f\u00e4higen Politiker f\u00fcr das Amt des US-Pr\u00e4sidenten.<\/p>\n<p><strong>Und es gibt Sie doch die L\u00fcgenpresse im TV und den Medien, denn diese Rede wurde nie im Deutschen Fernsehen gezeigt. Kein USA-Studio von ARD oder ZDF haben dar\u00fcber berichtet. Keine deutsche Zeitung hat diese Rede von Donald Trump jemals ver\u00f6ffentlicht. Diese positive Seite von Donald Trump wurde in Deutschland nie erw\u00e4hnt. Aber die Amerikaner haben diese Rede von Trump gesehen und geh\u00f6rt und entsprechend gew\u00e4hlt.<\/strong><\/p>\n<p>F\u00fcr mich als Christ und mittelst\u00e4ndischer Unternehmer &amp; Unternehmensberater war klar, dass Trump die Wahl gewinnt. Wieso kenne ich dieses Video und andere mutige und wahren Aussagen von Trump, aber unsere Medien in Deutschland nicht? Dar\u00fcber sollten Sie einmal nachdenken. Aber alle deutschen Medien gingen noch bis zum Beginn der US-Wahlnacht von einem \u00fcberzeugenden Sieg von Frau Clinton aus.<\/p>\n<p>Unsere Bundeskanzlerin Frau Merkel hat jetzt auch ein gro\u00dfes Problem, denn gr\u00f6\u00dfer k\u00f6nnten die Unterschiede nicht sein.<\/p>\n<p><strong>Merkel: <a href=\"https:\/\/rettung-fuer-deutschland.de\/blog\/?p=1294\"><font color=\"#000080\">\u201eDer Islam geh\u00f6rt zu Deutschland!\u201c<\/font><\/a><br \/>\n<\/strong><strong>Trump: \u201eEinreiseverbot f\u00fcr Islamisten in die USA!\u201c<\/strong><\/p>\n<p>Die Botschaft von Donald Trump, als neuen Pr\u00e4sidenten der USA in diesem Video k\u00f6nnte fast gleichlautend auf die Bundestagswahl im Herbst 2017 in Deutschland angewandt werden.<\/p>\n<p><strong>Hier das Video mit deutschen Untertiteln: <a href=\"https:\/\/www.youtube.com\/watch?feature=player_embedded&amp;v=vV0Jn8IF8_E\"><font color=\"#000080\">https:\/\/www.youtube.com\/watch?feature=player_embedded&amp;v=vV0Jn8IF8_E<\/font><\/a><\/strong><\/p>\n<p><strong>Diese \u00e4hnlichen Gr\u00fcnde erw\u00e4hnt Donald Trump, bezogen auf amerikanische Verh\u00e4ltnisse in seinem Video:<br \/>\n14 Gr\u00fcnde und mehr warum die Bundesrepublik Deutschland finanziell am Abgrund lebt!<\/strong><br \/>\nF\u00fcr viele ist Deutschland eines der reichsten und wirtschaftlich erfolgreichsten L\u00e4nder. Doch der Schein tr\u00fcgt: In Wirklichkeit sind wir gerade noch die Besten von den Schlechtesten. Das Land steht am Abgrund.<br \/>\n<strong>Grund 1:<\/strong> Die Staatsschulden sind viel h\u00f6her, als offiziell verk\u00fcndet<br \/>\n<strong>Grund 2:<\/strong> Deutschland hat bereits die h\u00f6chsten Schulden in der EU<br \/>\n<strong>Grund 3:<\/strong> Die EU kostet Deutschland viel mehr als sie uns bringt<br \/>\n<strong>Grund 4:<\/strong> Die Gesamtverschuldung ist so hoch wie noch nie<br \/>\n<strong>Grund 5:<\/strong> Der Finanzsektor steht am Abgrund<br \/>\n<strong>Grund 6:<\/strong> Das Wirtschaftswachstum ist viel zu niedrig<br \/>\n<strong>Grund 7:<\/strong> Die Verarmung der Bev\u00f6lkerung nimmt immer mehr zu<br \/>\n<strong>Grund 8:<\/strong> Die Fl\u00fcchtlingskosten explodieren<br \/>\n<strong>Grund 9:<\/strong> Deutschland wird immer \u201eunsicherer\u201c<br \/>\n<strong>Grund 10:<\/strong> Einige Bundesl\u00e4nder stehen bereits vor dem Bankrott<br \/>\n<strong>Grund 11:<\/strong> Die Mittelschicht stirbt<br \/>\n<strong>Grund 12:<\/strong> Eine alternde Gesellschaft und zu geringe Geburtenrate<br \/>\n<strong>Grund 13:<\/strong> Wir haben ein v\u00f6llig falsches Steuersystem<br \/>\n<strong>Grund 14:<\/strong> F\u00fcr Pensionszahlungen und Rentenzusch\u00fcsse gibt es keine ausreichenden R\u00fccklagen<br \/>\nSo \u00fcbel sehen die deutschen Finanzen wirklich aus. Nach Aussagen des Finanzministeriums droht Deutschland ein extremes Risiko der Schulden. Eigentlich h\u00e4tte schon fr\u00fchzeitiger dagegen gesteuert werden. <strong><a href=\"https:\/\/rettung-fuer-deutschland.de\/blog\/?p=2037\"><font color=\"#000080\">Alle Details und Informationen lesen Sie in diesem Presseartikel bei WordPress<\/font><\/a>.<\/strong><\/p>\n<p><a href=\"https:\/\/rettung-fuer-deutschland.de\/blog\/?p=2037\"><img loading=\"lazy\" decoding=\"async\" src=\"https:\/\/www.rettung-fuer-deutschland.de\/foto-wp-14-gruende-warum-deutschland-am-abgrund-leb-620x439.jpg\" width=\"620\" height=\"439\" alt=\"\" class=\"alignnone size-medium\"\/><\/a><\/p>\n<p><a href=\"https:\/\/rettung-fuer-deutschland.de\/blog\/?p=2325\"><img loading=\"lazy\" decoding=\"async\" src=\"https:\/\/www.rettung-fuer-deutschland.de\/foto-wp-donald-trump-guter-mensch-geschichten-250x167.jpg\" width=\"250\" height=\"167\" class=\"alignright size-medium\"\/><\/a><strong>Donald Trump ist ein guter Mensch mit Geschichten \u00fcber die der Mainstream nicht berichtet!<\/strong> Die Berichterstattung \u00fcber den neu gew\u00e4hlten US-Pr\u00e4sidenten Donald Trump ist \u00fcberwiegend negativ. Dabei gibt es viele gute andere Geschichten \u00fcber Trump <strong>\u2026 vollst\u00e4ndigen Presseartikel lesen bei WordPress: <a href=\"https:\/\/rettung-fuer-deutschland.de\/blog\/?p=2325\"><font color=\"#000080\">https:\/\/rettung-fuer-deutschland.de\/blog\/?p=2325<\/font><\/a><\/strong><\/p>\n<p><strong>Mehr \u00fcber den Autor lesen Sie im Buch\/eBook mit dem Titel: <a href=\"https:\/\/www.50-erfolgsgrundlagen.de\/\"><font color=\"#000080\">&#8222;50 biblische Erfolgsgrundlagen im Gesch\u00e4ftsleben&#8220;<\/font><\/a>, erschienen im <a href=\"https:\/\/www.epubli.de\/shop\/autor\/Uwe-Melzer\/2518\"><font color=\"#000080\">epubli-Verlag unter Buch-ISBN: 978-3-8442-2969-1 und eBook\/ePUB-ISBN: 978-3-8442-0365-3.<\/font><\/a><\/strong><\/p>\n<p><a href=\"https:\/\/www.rettung-fuer-deutschland.de\"><img loading=\"lazy\" decoding=\"async\" src=\"https:\/\/www.rettung-fuer-deutschland.de\/Grafik-WP-Deutschlandflagge-am-Mast-RfD-Logo-B280-H140.jpg\" alt=\"\" width=\"280\" height=\"140\" class=\"alignleft\"\/><\/a><strong><a title=\"Rettung &amp; Vision f\u00fcr Deutschland\" href=\"https:\/\/www.rettung-fuer-deutschland.de\"><font color=\"#000080\">Rettung &amp; Vision f\u00fcr Deutschland<\/font><\/a><\/strong><br \/>\nE-Mail: <a href=\"mailto:rfd@rettung-fuer-deutschland.de\"><font color=\"#000080\">rfd@rettung-fuer-deutschland.de<\/font><\/a><br \/>\nInternet: <a href=\"https:\/\/www.rettung-fuer-deutschland.de\/\"><font color=\"#000080\">www.rettung-fuer-deutschland.de<\/font><\/a><\/p>\n<p><a href=\"https:\/\/twitter.com\/share\" class=\"twitter-share-button\" data-url=\"https:\/\/rettung-fuer-deutschland.de\/blog\/?p=2121\" data-text=\"#Video das #Donald #Trump zum neuen #Pr\u00e4sidenten der #USA gemacht hat!\" data-lang=\"de\">Twittern<\/a><script>!function(d,s,id){var js,fjs=d.getElementsByTagName(s)[0];if(!d.getElementById(id)){js=d.createElement(s);js.id=id;js.src=\"\/\/platform.twitter.com\/widgets.js\";fjs.parentNode.insertBefore(js,fjs);}}(document,\"script\",\"twitter-wjs\");<\/script> <script type=\"text\/javascript\" src=\"https:\/\/apis.google.com\/js\/plusone.js\"> {lang: 'de'} <\/script><g:plusone><\/g:plusone><\/p>\n<div id=\"fb-root\"><\/div>\n<p><script src=\"https:\/\/connect.facebook.net\/de_DE\/all.js#appId=140189509392698&amp;xfbml=1\"><\/script><fb:like href=\"https:\/\/rettung-fuer-deutschland.de\/blog\/?p=2121\" send=\"true\" width=\"450\" show_faces=\"true\" font=\"arial\"><\/fb:like><\/p>\n","protected":false},"excerpt":{"rendered":"<p>Schon lang vor der Wahlnacht haben wir seit Wochen dieses Video, das unter anderem Donald Trump zum neuen Pr\u00e4sidenten der USA gemacht hat, laufend ver\u00f6ffentlicht. Dieses Video zeigt einen v\u00f6llig anderen Trump, n\u00e4mlich einen tats\u00e4chlich w\u00fcrdigen und f\u00e4higen Politiker f\u00fcr das Amt des US-Pr\u00e4sidenten. Und es gibt Sie doch die L\u00fcgenpresse im TV und den Medien, denn diese Rede wurde nie im Deutschen Fernsehen gezeigt, kein USA-Studio von ARD oder ZDF haben dar\u00fcber berichtet, keine deutsche Zeitung hat das jemals ver\u00f6ffentlicht. Diese positive Seite von Donald Trump wurde in Deutschland nie erw\u00e4hnt. Aber die Amerikaner haben diese Rede von Trump gesehen und geh\u00f6rt und entsprechend gew\u00e4hlt. F\u00fcr mich als Christ und mittelst\u00e4ndischer Unternehmer &#038; Unternehmensberater war klar, dass Trump die Wahl gewinnt. Wieso kenne ich dieses Video und andere mutige und wahren Aussagen von Trump, aber unsere Medien in Deutschland nicht? Dar\u00fcber sollten Sie einmal nachdenken. Aber alle deutschen Medien gingen noch bis zum Beginn der US-Wahlnacht von einem \u00fcberzeugenden Sieg von Frau Clinton aus. Unsere Bundeskanzlerin Frau Merkel hat jetzt auch ein gro\u00dfes Problem, denn gr\u00f6\u00dfer k\u00f6nnten die Unterschiede nicht sein. Merkel: \u201eDer Islam geh\u00f6rt zu Deutschland!\u201c Trump: \u201eEinreiseverbot f\u00fcr Islamisten in die USA!\u201c Die Botschaft von Donald Trump, als neuen Pr\u00e4sidenten der USA in diesem Video k\u00f6nnte fast gleichlautend auf die Bundestagswahl im Herbst 2017 in Deutschland angewandt werden. \u2026 vollst\u00e4ndigen Presseartikel lesen bei WordPress: https:\/\/rettung-fuer-deutschland.de\/blog\/?p=2121<\/p>\n","protected":false},"author":1,"featured_media":0,"comment_status":"open","ping_status":"open","sticky":false,"template":"","format":"standard","meta":{"footnotes":""},"categories":[1,19,751,4,3,4272,49,5],"tags":[473,2637,1596,595,1215,2640,631,901,1937,2630,2641,1514,2638,791,1558,2634,2002,599,91,1299,2196,1185,2456,2631,2635,2633,2639,370,2636,1030,1472,2632,310,327],"class_list":["post-2121","post","type-post","status-publish","format-standard","hentry","category-allgemein","category-deutschland","category-finanzpolitik","category-gesellschaft","category-politik","category-usa","category-welt","category-wirtschaft","tag-amerikaner","tag-ard","tag-botschaft","tag-bundeskanzlerin","tag-bundestagswahl","tag-clinton","tag-deutsche","tag-deutschen","tag-deutschland","tag-donald","tag-einreiseverbot","tag-fernsehen","tag-gewinnt","tag-islam","tag-islamisten","tag-luegenpresse","tag-medien","tag-merkel","tag-politiker","tag-praesident","tag-praesidenten","tag-rede","tag-sieg","tag-trump","tag-tv","tag-us-praesidenten","tag-us-wahlnacht","tag-usa","tag-usa-studio","tag-video","tag-wahl","tag-wahlnacht","tag-zdf","tag-zeitung"],"_links":{"self":[{"href":"https:\/\/rettung-fuer-deutschland.de\/blog\/wp-json\/wp\/v2\/posts\/2121","targetHints":{"allow":["GET"]}}],"collection":[{"href":"https:\/\/rettung-fuer-deutschland.de\/blog\/wp-json\/wp\/v2\/posts"}],"about":[{"href":"https:\/\/rettung-fuer-deutschland.de\/blog\/wp-json\/wp\/v2\/types\/post"}],"author":[{"embeddable":true,"href":"https:\/\/rettung-fuer-deutschland.de\/blog\/wp-json\/wp\/v2\/users\/1"}],"replies":[{"embeddable":true,"href":"https:\/\/rettung-fuer-deutschland.de\/blog\/wp-json\/wp\/v2\/comments?post=2121"}],"version-history":[{"count":0,"href":"https:\/\/rettung-fuer-deutschland.de\/blog\/wp-json\/wp\/v2\/posts\/2121\/revisions"}],"wp:attachment":[{"href":"https:\/\/rettung-fuer-deutschland.de\/blog\/wp-json\/wp\/v2\/media?parent=2121"}],"wp:term":[{"taxonomy":"category","embeddable":true,"href":"https:\/\/rettung-fuer-deutschland.de\/blog\/wp-json\/wp\/v2\/categories?post=2121"},{"taxonomy":"post_tag","embeddable":true,"href":"https:\/\/rettung-fuer-deutschland.de\/blog\/wp-json\/wp\/v2\/tags?post=2121"}],"curies":[{"name":"wp","href":"https:\/\/api.w.org\/{rel}","templated":true}]}}