{"id":3049,"date":"2017-08-07T17:31:57","date_gmt":"2017-08-07T15:31:57","guid":{"rendered":"http:\/\/rettung-fuer-deutschland.de\/blog\/?p=3049"},"modified":"2024-02-10T13:25:52","modified_gmt":"2024-02-10T12:25:52","slug":"wir-schaffen-das-deutschland-zu-ruinieren","status":"publish","type":"post","link":"https:\/\/rettung-fuer-deutschland.de\/blog\/wir-schaffen-das-deutschland-zu-ruinieren\/","title":{"rendered":"Wir schaffen das \u2026\u2026. Deutschland zu ruinieren!"},"content":{"rendered":"<a href=\"https:\/\/rettung-fuer-deutschland.de\/blog\/?p=3049\"><img loading=\"lazy\" decoding=\"async\" src=\"https:\/\/www.rettung-fuer-deutschland.de\/foto-wp-wir-schaffen-das-deutschland-zu-ruinieren-620x409.jpg\" width=\"620\" height=\"409\" class=\"alignnone size-medium\"\/><\/a>\n\n<strong><em>Bei dem ber\u00fchmten Satz der Bundeskanzlerin von Deutschland Frau Dr. Angela Merkel <font color=\"#d63c42\">&#8222;Wir schaffen das?&#8220;<\/font> fehlt allerdings der zweite Satzteil <font color=\"#d63c42\">&#8230;&#8230; Deutschland zu ruinieren!<\/font><\/em><\/strong>\n\n<strong>Das Problem ist, den Untergang von Deutschland aufzuhalten oder zu verhindern ist nicht mehr m\u00f6glich, weil alle Weichen daf\u00fcr falsch gestellt sind.<\/strong>\nDer Zug f\u00e4hrt auf dem Gleis der Vernichtung, ist nicht mehr zu stoppen, ein Zugf\u00fchrer ist nicht vorhanden, die Bremsen sind ausgefallen und der n\u00e4chste Prellbock ist ein Hauptbahnhof in einer deutschen Grosstadt mit einem Kopfbahnhof.\n\n<strong><em>Die Katastrophe ist bekannt, alle Fakten liegen vor, aber niemand unternimmt etwas und der Kopfbahnhof wird auch nicht ger\u00e4umt. Denn es gilt die Devise: <font color=\"#d63c42\">\u201eWir schaffen das!\u201c<\/font><\/em><\/strong>\n\nSie denken dieses Szenario ist erfunden. Nein leider stimmt es tats\u00e4chlich. Und die Fakten dazu lassen sich alle beweisen. Zu jeder einzelnen Katastrophe finden Sie nachfolgend einen Link zu einem ausf\u00fchrlichen Presseartikel mit allen Beweisen, Fakten und Quellennachweisen. Diese sollten Sie alle aufmerksam lesen.\n\n<strong><font color=\"#d63c42\">01. Die Bundesrepublik ist pleite!<\/font><\/strong>\n<strong>14 Gr\u00fcnde und mehr warum die Bundesrepublik Deutschland finanziell am Abgrund lebt!<\/strong> F\u00fcr viele ist Deutschland eines der reichsten und wirtschaftlich erfolgreichsten L\u00e4nder. Doch der Schein tr\u00fcgt: In Wirklichkeit sind wir gerade noch die Besten von den Schlechtesten. Das Land steht am Abgrund.\n<a href=\"https:\/\/rettung-fuer-deutschland.de\/blog\/?p=2037\"><img loading=\"lazy\" decoding=\"async\" src=\"https:\/\/www.rettung-fuer-deutschland.de\/foto-wp-14-gruende-warum-deutschland-am-abgrund-leb-300x212.jpg\" width=\"300\" height=\"212\" class=\"alignright size-medium\"\/><\/a>Grund 1: Die Staatsschulden sind viel h\u00f6her, als offiziell verk\u00fcndet\nGrund 2: Deutschland hat bereits die h\u00f6chsten Schulden in der EU\nGrund 3: Die EU kostet Deutschland viel mehr als sie uns bringt\nGrund 4: Die Gesamtverschuldung ist so hoch wie noch nie\nGrund 5: Der Finanzsektor steht am Abgrund\nGrund 6: Das Wirtschaftswachstum ist viel zu niedrig\nGrund 7: Die Verarmung der Bev\u00f6lkerung nimmt immer mehr zu\nGrund 8: Die Fl\u00fcchtlingskosten explodieren\nGrund 9: Deutschland wird immer \u201eunsicherer\u201c\nGrund 10: Einige Bundesl\u00e4nder stehen bereits vor dem Bankrott\nGrund 11: Die Mittelschicht stirbt\nGrund 12: Eine alternde Gesellschaft und zu geringe Geburtenrate\nGrund 13: Wir haben ein v\u00f6llig falsches Steuersystem\nGrund 14: F\u00fcr Pensionszahlungen und Rentenzusch\u00fcsse gibt es keine ausreichenden R\u00fccklagen\nSo \u00fcbel sehen die deutschen Finanzen wirklich aus. Nach Aussagen des Finanzministeriums droht Deutschland ein extremes Risiko der Schulden. Eigentlich h\u00e4tte schon fr\u00fchzeitiger dagegen gesteuert werden. <strong><em>Lesen Sie dazu diesen Presseartikel:<\/em><\/strong> <strong><a href=\"https:\/\/rettung-fuer-deutschland.de\/blog\/?p=2037\"><font color=\"#000080\">14 Gr\u00fcnde und mehr warum die Bundesrepublik Deutschland finanziell am Abgrund lebt!<\/font><\/a><\/strong>\n\n<a href=\"https:\/\/ichthys-consulting.de\/blog\/?p=1319\"><img loading=\"lazy\" decoding=\"async\" src=\"https:\/\/www.rettung-fuer-deutschland.de\/foto-wp-geburtenrate-deutschland-250x154.jpg\" width=\"250\" height=\"154\" class=\"alignright size-medium\"\/><\/a><strong><font color=\"#d63c42\">02. Durch hohe und immer mehr zunehmende Sozialkosten<\/font><\/strong>, durch die viel zu geringe <strong>Geburtenrate (<em>Presseartikel:<\/em> <a href=\"https:\/\/ichthys-consulting.de\/blog\/?p=1319\"><font color=\"#000080\">Deutschland schafft sich ab \u2013 die Deutschen sterben aus!)<\/font><\/a><\/strong>, alternde Bev\u00f6lkerungen mit mehr Rentnern und Pension\u00e4ren, auch durch Asylanten &amp;  Migranten mit HartzIV-Bezug <strong>(<em>Presseartikel:<\/em> <a href=\"https:\/\/rettung-fuer-deutschland.de\/blog\/?p=2565\"><font color=\"#000080\">Fl\u00fcchtlingskrise &amp; Asylflut &amp; Folgen: 700.000 Asylanten beziehen 2016 in Deutschland Hartz IV)<\/font><\/a><\/strong>, sind unsere Sozialsystem inklusive Krankenversicherung und Rente in 10 Jahren nicht mehr bezahlbar und das ist der Regierung bekannt.\n<a href=\"https:\/\/rettung-fuer-deutschland.de\/blog\/?p=2086\"><img loading=\"lazy\" decoding=\"async\" src=\"https:\/\/www.rettung-fuer-deutschland.de\/foto-wp-altersarmut-rente-bettlerin-245x120.jpg\" width=\"245\" height=\"120\" class=\"alignright size-medium\"\/><\/a><strong><em>Presseartikel 1:<\/em> <a href=\"https:\/\/rettung-fuer-deutschland.de\/blog\/?p=2086\"><font color=\"#000080\">Rente &amp; Altersarmut &#8211; Bundesregierung warnt B\u00fcrger vor Problemen, welche die Regierung selbst verursacht hat!<\/font><\/a><\/strong>\n<strong><em>Presseartikel 2:<\/em> <a href=\"https:\/\/rettung-fuer-deutschland.de\/blog\/?p=719\"><font color=\"#000080\">Altersarmut Armut &amp; Rente der Skandal!<\/font><\/a><\/strong>\n\n<a href=\"https:\/\/rettung-fuer-deutschland.de\/blog\/?p=2956\"><img loading=\"lazy\" decoding=\"async\" src=\"https:\/\/www.rettung-fuer-deutschland.de\/foto-wp-un-migrationsplan-deutschland-250x210.jpg\" width=\"250\" height=\"210\" class=\"alignright size-medium\"\/><\/a><strong><font color=\"#d63c42\">03. Um diese Katastrophe zu verhindern, werden immer mehr Fl\u00fcchtlinge (Migranten &amp; Asylanten), auch illegal, ins Land gelassen.<\/font><\/strong>\n<strong><em>Presseartikel:<\/em> <a href=\"https:\/\/rettung-fuer-deutschland.de\/blog\/?p=2956\"><font color=\"#000080\">Ein Geheimnis ist gel\u00fcftet: Die Grundlage der Bundeskanzlerin Angela Merkel f\u00fcr Ihre Fl\u00fcchtlingspolitik \u2013 der MIGRATIONSPLAN der Vereinten Nationen!<\/font><\/a><\/strong>\n\n<strong><font color=\"#d63c42\">04. Diese Rechnung unsere Sozialsysteme mit den Fl\u00fcchtlingen zu retten geht nicht auf<\/font><\/strong>, weil diese weit weniger qualifiziert sind, als die Bundesregierung das angenommen hat. 80 % werden lebenslang bei uns Hartz IV beziehen und nie arbeiten gehen. Bis 2017 \/2018 werden voraussichtlich ca. 1,2 Millionen Asylanten Hartz IV bei uns beziehen?\n<a href=\"https:\/\/rettung-fuer-deutschland.de\/blog\/?p=2565\"><img loading=\"lazy\" decoding=\"async\" src=\"https:\/\/www.rettung-fuer-deutschland.de\/foto-wp-700000-asylanten-beziehen-bereits-hartz4-in-2016-250x131.jpg\" width=\"250\" height=\"131\" class=\"alignright size-medium\"\/><\/a><strong><em>Presseartikel 1:<\/em> <a href=\"https:\/\/rettung-fuer-deutschland.de\/blog\/?p=2340\"><font color=\"#000080\">Asylbewerber werden lebenslange HartzIV Empf\u00e4nger &#8211; Schock f\u00fcr Gabriel SPD und Merkel CDU!<\/font><\/a><\/strong>\n<strong><em>Presseartikel 2:<\/em> <a href=\"https:\/\/rettung-fuer-deutschland.de\/blog\/?p=2565\"><font color=\"#000080\">Fl\u00fcchtlingskrise &amp; Asylflut &amp; Folgen: 700.000 Asylanten beziehen 2016 in Deutschland Hartz IV und diese Zahlen steigen laufend weiter!<\/font><\/a><\/strong>\n\n<strong><font color=\"#d63c42\">05. Der Export wird massiv einbrechen, weil deutsche Automobile, \u00fcber die Dieselskandale im Ausland nicht mehr gefragt sein werden.<\/font><\/strong>\nDas wird nicht nur die Automobilbranche treffen, sondern auch alle anderen Exportbereiche in Deutschland. Denn weltweit gelten wir jetzt als Wirtschaftsbetr\u00fcger und nicht mehr als \u201eMade in Germany\u201c! Siehe aktuelle Dieselkrise und Strafzahlungen in den USA. Dieselverk\u00e4ufe brechen jetzt auch in Deutschland &amp; Europa ein. Inzwischen bieten ausl\u00e4ndische Autokonzerne wie Tesla, Toyota und <strong><a href=\"https:\/\/rettung-fuer-deutschland.de\/blog\/wasserstoffauto-toyota-mirai-serienreife-technik-seit-jahren-zu-kaufen\/\"><font color=\"#000080\">Lexus<\/font><\/a><\/strong> bessere und umweltfreundlichere Alternativen an, als die deutsche Automobilindustrie. Die Bundesregierung ist mitschuldig, weil Sie sich die Abgasverordnung durch die deutschen Autohersteller mit einer Abschalteinrichtung f\u00fcr die Dieselreinigung hat vorschreiben lassen. Z.B. mit dem Satz, eine Abschalteinrichtung darf abgeschaltet werden, wenn dem Motor ein Schaden droht. Oder: der Dieselmotor muss durch eine Abgaseinrichtung <a href=\"https:\/\/rettung-fuer-deutschland.de\/blog\/?p=3121\"><img loading=\"lazy\" decoding=\"async\" src=\"https:\/\/www.rettung-fuer-deutschland.de\/foto-wp-dieselskandal-innenstadt-feinstaubbelastung-250x106.jpg\" width=\"250\" height=\"106\" class=\"alignright size-medium\"\/><\/a>gereinigt werden, sofern der Motor keinen Schaden nimmt. Die Folge davon: in der Regel werden in Deutschland alle Dieselabgasreinigungsanlagen bei einer Au\u00dfentemperatur von unter 10 Grad Plus abgeschaltet. VW hat das ganze noch gedopt mit einer Software, welche die Schadstoffe und Motorleistung reduziert, solange wie das Fahrzeug auf einem Pr\u00fcfstand steht. Auch hat sich die Bundesregierung die Messung der Fahrzeuge auf einem Pr\u00fcfstand vorschreiben lassen, anstatt auf Messungen im realen Fahrbetrieb zu bestehen. Das gesamte Verkehrsministerium der Bundesregierung gl\u00e4nzt hier mit totaler Unf\u00e4higkeit und das tollste ist, das hat in unserer Politik keine Konsequenzen zur Folge. Nein, noch viel schlimmer. Die Bundskanzlerin Frau Dr. Angela Merkel pers\u00f6nlich f\u00e4hrt zur EU nach Br\u00fcssel und setzt mit der Deutschen Wirtschaftskraft dieses Lobbydiktat der deutschen Automobilindustrie auch noch in europ\u00e4isches Recht um. Das ist im Prinzip eine Staatsaff\u00e4re!\n<strong><em>Presseartikel<\/em><a href=\"https:\/\/rettung-fuer-deutschland.de\/blog\/?p=3121\"><font color=\"#000080\"> vom  13. August 2017 Dieselskandal &#8211; L\u00f6sung f\u00fcr die Schadstoffbelastung von Innenst\u00e4dten!<\/font><\/a><\/strong>\n<strong><em>Presseartikel<\/em><a href=\"https:\/\/wissen-agentur.de\/blog\/?p=1894\"><font color=\"#000080\"> vom  6. Oktober 2015 VW Diesel Skandal \u2013 Weshalb ich noch nie ein Auto mit Dieselmotor gekauft habe und auch nie kaufen werde!<\/font><\/a><\/strong>\n\n<strong><font color=\"#d63c42\">06. Die massive Kritik an Amerika und Pr\u00e4sident Trump,<\/font><\/strong> teilweise auch mit falschen Meldungen in Deutschland \u00fcber Trump, wird dazu f\u00fchren, dass die USA Ihren Markt noch weiter abschotten wird und unsere Exporte in die USA massiv zur\u00fcck gehen werden. <strong><em>Presseartikel:<\/em> <a href=\"https:\/\/rettung-fuer-deutschland.de\/blog\/?p=2325\"><font color=\"#000080\">Donald Trump ist ein guter Mensch mit Geschichten \u00fcber die der Mainstream nicht berichtet!<\/font><\/a><\/strong>\n\n<a href=\"https:\/\/rettung-fuer-deutschland.de\/blog\/?p=2147\"><img loading=\"lazy\" decoding=\"async\" src=\"https:\/\/www.rettung-fuer-deutschland.de\/foto-wp-fluechtlingskrise-kinderehen-mord-gruppenvergewaltigung-normaler-monat-in-deutschland-250x131.jpg\" width=\"250\" height=\"131\" class=\"alignright size-medium\"\/><\/a><strong><font color=\"#d63c42\">07. Kriminalit\u00e4t und islamische Terrorakte nehmen in Deutschland zu<\/font><\/strong>, weil alle Grenzsicherungen versagt haben und weil das Problem nicht angegangen wird, sondern totgeschwiegen wird. <strong><em>Presseartikel:<\/em> <a href=\"https:\/\/rettung-fuer-deutschland.de\/blog\/?p=2147\"><font color=\"#000080\">Fl\u00fcchtlingskrise: Ein ganz \u201enormaler\u201c Monat in Deutschland mit Kinderehen, Mord &amp; Gruppenvergewaltigungen!<\/font><\/a><\/strong>\n\n<a href=\"https:\/\/rettung-fuer-deutschland.de\/blog\/?p=2897\"><img loading=\"lazy\" decoding=\"async\" src=\"https:\/\/www.rettung-fuer-deutschland.de\/foto-wp-titelbild-linker-terror-g20-hamburg-2017-250x189.jpg\" width=\"250\" height=\"189\" class=\"alignright size-medium\"\/><\/a><strong><font color=\"#d63c42\">08. Die Linke und Antifa sorgen zus\u00e4tzlich f\u00fcr b\u00fcrgerkriegs\u00e4hnliche Zust\u00e4nde in Deutschland.<\/font><\/strong> <strong><em>Presseartikel:<\/em> <a href=\"https:\/\/rettung-fuer-deutschland.de\/blog\/?p=2897\"><font color=\"#000080\">B\u00fcrgerkrieg in Deutschland &#8211; Wie im Krieg \u2013 Hamburg G20-Gipfel \u2013 der Linke Staat!<\/font><\/a><\/strong>\n\n<strong><font color=\"#d63c42\">09. Atomausstieg und Atomsteuer.<\/font><\/strong>\nHier hat Frau Dr. Merkel durch Fehleinsch\u00e4tzung pers\u00f6nlich ca. 10 Milliarden Euro in den Sand gesetzt. Es wurde \u00fcbereilt eine Atomsteuer 6,38 Milliarden Euro + Zinsen kassiert. Daf\u00fcr Entsorgungskosten von den Atomkonzernen \u00fcbernommen. Diese Atomsteuer wurde vom Bundesgerichtshof gekippt, weil Sie illegal und willk\u00fcrlich eingef\u00fchrt wurde. Die volle Atomsteuer wird an die Atomkonzerne + Zinsen zur\u00fcck bezahlt. Entsorgungskosten der Atomkonzerne muss jetzt die Bundesregierung, bzw. der Steuerzahler trotzdem bezahlen. <strong><em>Presseartikel:<\/em> <a href=\"https:\/\/www.zeit.de\/news\/2017-06\/07\/urteile-verfassungsrichter-entscheiden-ueber-brennelementesteuer-07064008\"><font color=\"#000080\">Bund muss Atomkonzernen Milliarden zur\u00fcckzahlen!<\/font><\/a><\/strong>\n\n<strong><font color=\"#d63c42\">10. Die Islamisierung von Deutschland.<\/font><\/strong>\n<a href=\"https:\/\/rettung-fuer-deutschland.de\/blog\/?p=2013\"><img loading=\"lazy\" decoding=\"async\" src=\"https:\/\/www.rettung-fuer-deutschland.de\/foto-wp-merkel-regierung-hat-den-islam-in-deutschland-eingefuehrt-moschee-245x120.jpg\" width=\"245\" height=\"120\" class=\"alignright size-medium\"\/><\/a><strong><em>Presseartikel 1:<\/em> <a href=\"https:\/\/rettung-fuer-deutschland.de\/blog\/?p=2013\"><font color=\"#000080\">Islamisierung &#8211; 15 Punkte die zeigen, dass unter der Regierung Merkel der Islam in Deutschland eingef\u00fchrt wurde!<\/font><\/a><\/strong>\n<strong><em>Presseartikel 2:<\/em> <a href=\"https:\/\/rettung-fuer-deutschland.de\/blog\/?p=1913\"><font color=\"#000080\">Systematische Islamisierung in Europa &#8211; Die raffinierte Strategie des Islam!<\/font><\/a><\/strong>\n<strong>Eine Auflistung aller <em>Presseartikel<\/em> \u00fcber den Islam mit allen Internetlinks erhalten Sie auch als <a href=\"https:\/\/www.wissen-agentur.de\/download-liste-presseartikel-islam-autor-uwe-melzer-wissen-agentur.pdf\"><font color=\"#000080\">kostenloses PDF-Dokument<\/font><\/a>.<\/strong>\n\n<strong><font color=\"#d63c42\">11. Medienkrieg: Die SPD kontrolliert einen gro\u00dfen Teil der \u00f6ffentlichen Medien in Deutschland \u2013 Demokratie wird zur Farce! Frau Dr. Angela Merkel ist auch die Bundeskanzlerin der SPD!<\/font><\/strong>\n<a href=\"https:\/\/rettung-fuer-deutschland.de\/blog\/?p=1611\"><img loading=\"lazy\" decoding=\"async\" src=\"https:\/\/www.rettung-fuer-deutschland.de\/grafik-wp-spd-medien-imperium-250x166.jpg\" width=\"250\" height=\"166\" class=\"alignright size-medium\"\/><\/a>Fast alle Medien in Deutschland &#8211; Mainstream &#8211; sind gleichgeschaltet und vertreten die offizielle Regierungslinie! Was auch immer drauf stehen mag: Drinnen steckt (fast immer) die SPD! Ca. 3.500 Medienbeteiligungen der SPD in Deutschland nachgewiesen. Damit wird massiv die \u00f6ffentliche Meinung \u00fcber die angeblich freien Medien in Deutschland beeinflusst. <strong><a href=\"https:\/\/rettung-fuer-deutschland.de\/blog\/?p=1611\"><font color=\"#000080\"><em>Presseartikel<\/em> mit dem Nachweis der Medienbeteiligungen der SPD.<\/font><\/a><\/strong>\n\n<strong><font color=\"#d63c42\">12. Wir haben die Digitalisierung in der deutschen Wirtschaftswelt total verschlafen.<\/font><\/strong>\n\n<strong>Der Wandel zur digitalen Gesellschaft bringt immer mehr Berufsgruppen an den Rand ihrer Existenz.<\/strong>\nDie Digitalisierung der modernen Arbeitswelt bringt zwar viele Vorteile, fordert jedoch auch seine Opfer. Ganze Berufsgruppen k\u00f6nnten im Zuge Digitalisierung in der Wirtschaft bald der Vergangenheit angeh\u00f6ren.\n\n<strong>Rund 4,4 Millionen Jobs k\u00f6nnen bereits heute durch Roboter oder Computer ersetzt werden!<\/strong>\nDiese These belegt ein <strong><a href=\"https:\/\/doku.iab.de\/forschungsbericht\/2015\/fb1115.pdf\"><font color=\"#000080\">Forschungsbericht des Instituts f\u00fcr Arbeitsmarkt- und Berufsforschung (IAB)<\/font><\/a><\/strong>  der Bundesagentur f\u00fcr Arbeit. Vor allem Routinearbeiten lie\u00dfen sich von den seelenlosen Helfern erledigen. <strong><a href=\"https:\/\/doku.iab.de\/forschungsbericht\/2015\/fb1115.pdf\"><font color=\"#000080\">Studie downloaden<\/font><\/a><\/strong>\n\n<strong><font color=\"#d63c42\"><em>Einen gro\u00dfen Stellenabbau, wird es unabh\u00e4ngig von der deutschen Dieselkrise, in der gesamten Automobilindustrie aus mehreren Gr\u00fcnden geben:<\/em><\/font><\/strong>\n\n<strong><font color=\"#d63c42\">1. Es gibt heute Roboter<\/font><\/strong>, die je St\u00fcck unter \u20ac 10.000 kosten und im Prinzip alle einfachen und mechanischen Arbeiten aus\u00fcben k\u00f6nnen, die heute ein Mitarbeiter am Flie\u00dfband wahrnimmt.\n\n<strong><font color=\"#d63c42\">2. Durch den Umstieg auf E-Mobile<\/font><\/strong> werden wesentlich weniger Mitarbeiter ben\u00f6tigt. Denn die Technik f\u00fcr den Elektroantrieb beinhaltet nur 30 % der Komponenten, die heute f\u00fcr einen Verbrennungsmotor ben\u00f6tigt werden. Hier fallen deshalb ca. 1\/ 3 der Mitarbeiter und 1\/3 der Zulieferer f\u00fcr diesen Bereich weg.\n\n<strong>Deswegen werden wir allein in der Automobilbranche in Deutschland schlagartig mehr als 100.000 Arbeitslose haben. Auch darauf ist unsere jetzige Bundesregierung nicht vorbereitet.<\/strong>\n\n<strong><font color=\"#d63c42\">Das M\u00e4rchen vom Facharbeitermangel in Deutschland<\/font><\/strong>\n<a href=\"https:\/\/rettung-fuer-deutschland.de\/blog\/?p=2481\"><img loading=\"lazy\" decoding=\"async\" src=\"https:\/\/www.wissen-agentur.de\/foto-wp-das-maerchen-vom-fachkraeftemangel-text-250x149.jpg\" width=\"250\" height=\"149\" class=\"alignright size-medium\"\/><\/a>\u00dcber die bezahlbaren Roboter in den Unternehmen wird es in allen Branchen zu viele neue Arbeitslose geben. Auch deswegen ist das M\u00e4rchen, dass wir Fl\u00fcchtlinge brauchen, weil uns Fachkr\u00e4fte fehlen, ein zus\u00e4tzlicher Irrweg. F\u00fcr diese unausgebildeten Fl\u00fcchtlinge wird es auch keine Arbeitspl\u00e4tze im Niedriglohnsektor geben, weil auch dieser in vielen Bereichen durch Roboter und mangelnden Auftr\u00e4gen einfach nicht da sein werden. <strong><em>Presseartikel:<\/em> <a href=\"https:\/\/rettung-fuer-deutschland.de\/blog\/?p=2481\"><font color=\"#000080\">Aufgedeckt: Arbeitsamt-Analyse entlarvt das M\u00e4rchen vom Fachkr\u00e4ftemangel als dreiste L\u00fcge!<\/font><\/a><\/strong>\n\n<strong><font color=\"#d63c42\">Arbeitswelt: Digitale Analphabeten gef\u00e4hrden Deutschlands Zukunft!<\/font><\/strong>\n<strong><em>Presseartikel:<\/em> <a href=\"https:\/\/www.welt.de\/wirtschaft\/karriere\/bildung\/article164406854\/Digitale-Analphabeten-gefaehrden-Deutschlands-Zukunft.html\"><font color=\"#000080\">Digitale Analphabeten gef\u00e4hrden Deutschlands Zukunft!<\/font><\/a><\/strong>\n\n<em><strong><font color=\"#d63c42\">Was h\u00e4tten wir dagegen tun sollen und k\u00f6nnten wir jetzt noch tun?\nIn allen Schulklassen von der Grundschule beginnend bis in die Gymnasien und Hochschulen m\u00fcssen sofort Lehrpl\u00e4ne f\u00fcr Digitalisierung, Programmierung, Maschinen &amp; Roboter Programmierung einschlie\u00dflich Wartung, Pflege und technische Instandhaltung angeboten werden. Aber leider ist noch nicht einmal die Erkenntnis daf\u00fcr vorhanden.<\/font><\/strong><\/em>\n\n<strong>Die Digitalisierung wird die gr\u00f6\u00dfte Jobvernichtungswelle, die auch fast alle Verwaltungsberufe beinhaltet, in Deutschland verursachen, die wir je erlebt haben.<\/strong>\nEin Gro\u00dfteil der Bev\u00f6lkerung l\u00e4uft in Gefahr, mangels gut bezahlter Arbeitspl\u00e4tze, in Zukunft  einfach zu verarmen. Damit brechen dann aber auch unsere Renten- und Sozialsysteme komplett zusammen.\n\n<strong>Eine Auswahl der Berufe, die durch die Digitalisierung in der Wirtschaft verschwinden oder erheblich reduziert werden:<\/strong>\n\n<strong>01. Postboten und Zeitungs- und Werbezusteller<\/strong> werden sich drastisch reduzieren, der Hauptteil der Kommunikation zuk\u00fcnftig elektronisch erfolgt, wie E-Mails bzw. Textnachrichten und andere Internetdienste.\n\n<strong>02. Z\u00e4hlerableser f\u00fcr die Energieabrechnungen<\/strong> wird es zuk\u00fcnftig nicht mehr geben, weil die Z\u00e4hlerst\u00e4nde digital automatisch \u00fcbermittelt werden.\n\n<strong>03. Bauern und Landwirte<\/strong> sind vom aussterben bedroht, weil immer mehr Maschinen die menschliche Arbeit ersetzt und sich Kleinbetriebe nicht mehr lohnen.\n\n<strong>04. Alle Besch\u00e4ftigte in Zeitungen <\/strong>werden weiter Arbeitspl\u00e4tze einb\u00fc\u00dfen, weil die Online-Zeitungen erheblich zulegen.\n\n<strong>05. Holzf\u00e4ller<\/strong> machen technologische Neuerungen zu schaffen und wegen der Digitalisierung wird weniger Papier verbraucht.\n\n<strong>06. Juweliere<\/strong> leiden unter dem Onlinehandel und m\u00fcssen Ihre Juweliergesch\u00e4fte \u2013 ohne Toplagen \u2013 schlie\u00dfen.\n\n<strong>07. Flugbegleiter, Stewardessen und Stewards<\/strong> werden weniger durch Fusionen der Fluggesellschaften und vermehrte Billigflieger.\n\n<strong>08. Viele Industriearbeiter<\/strong> werden durch Roboter ersetzt.\n\n<strong>09. Versicherungsmakler<\/strong> sterben aus, weil Versicherungen vermehrt online im Internet abgeschlossen werden.\n\n<strong>10. Finanzbeamte<\/strong> reduzieren sich durch elektronische Online-Steuererkl\u00e4rungen.\n\n<strong><a href=\"https:\/\/www.tz.de\/leben\/karriere\/zehn-berufe-vom-aussterben-bedroht-sind-zr-8524051.html\"><font color=\"#000080\">Quelle-<em>Presseartikel<\/em><\/font><\/a><\/strong>\n\n<strong>Die Bundesregierung unter der Bundeskanzlerin Frau Dr. Angela Merkel kann diese Bilanz vorweisen:<\/strong>\n<strong><font color=\"#d63c42\">\u2022<\/font><\/strong>\tSie wollen Deutschland abschaffen unter anderem \u00fcber die Fl\u00fcchtlingskrise &amp; EU! <strong><em>Presseartikel:<\/em> <a href=\"https:\/\/rettung-fuer-deutschland.de\/blog\/?p=2956\"><font color=\"#000080\">Ein Geheimnis ist gel\u00fcftet: Die Grundlage der Bundeskanzlerin Angela Merkel f\u00fcr Ihre Fl\u00fcchtlingspolitik \u2013 der MIGRATIONSPLAN der Vereinten Nationen!<\/font><\/a><\/strong> .\n<a href=\"https:\/\/rettung-fuer-deutschland.de\/blog\/?p=1857\"><img loading=\"lazy\" decoding=\"async\" src=\"https:\/\/www.rettung-fuer-deutschland.de\/foto-wp-brexit-250x111.jpg\" width=\"250\" height=\"111\" class=\"alignright size-medium\"\/><\/a><strong><font color=\"#d63c42\">\u2022<\/font><\/strong>\tSie spalten Europa zum Beispiel mit der Fl\u00fcchtlingskrise und dem Brexit. Ausser Frankreich ist uns derzeit keine europ\u00e4isches Land mehr freundlich gesinnt! <strong><em>Presseartikel:<\/em> <a href=\"https:\/\/rettung-fuer-deutschland.de\/blog\/?p=1857\"><font color=\"#000080\">Der Hauptgrund und drei Hauptschuldige f\u00fcr den BREXIT \u2013 Austritt der Engl\u00e4nder aus der EU.<\/font><\/a><\/strong>\n<strong><font color=\"#d63c42\">\u2022<\/font><\/strong>\tSie streben eine EU-Diktatur an (EU-Recht ersetzt deutsches Recht).\n<strong><font color=\"#d63c42\">\u2022<\/font><\/strong>\tSie belasten die Beziehungen zu den USA mit \u00fcberzogenen Negativmeldungen \u00fcber Pr\u00e4sident Donald Trump. <strong><em>Presseartikel:<\/em> <a href=\"https:\/\/rettung-fuer-deutschland.de\/blog\/?p=2325\"><font color=\"#000080\">Donald Trump ist ein guter Mensch mit Geschichten \u00fcber die der Mainstream nicht berichtet!<\/font><\/a><\/strong>\n<strong><font color=\"#d63c42\">\u2022<\/font><\/strong>\tSie gef\u00e4hrden den Frieden mit Russland (Sanktionen &amp; Nato-Ost-Erweiterung).\n<strong><font color=\"#d63c42\">\u2022<\/font><\/strong>\tSie gef\u00e4hrden die Sicherheit der Juden in Israel (F\u00f6rderung Islam &amp; 2-Staaten-L\u00f6sung f\u00fcr Israel, Kritik am israelischen Siedlungsbau, finanzielle Unterst\u00fctzung f\u00fcr Terror in Pal\u00e4stina durch Hamas und Abbas). Die EU und Deutschland bezahlen den islamischen Terror der Hamas und der Pal\u00e4stinenser gegen Israel. Wenn ein Attent\u00e4ter bei einem erfolgreichen Selbstmordattentat stirbt, erh\u00e4lt die pal\u00e4stinensische Familie des Attent\u00e4ters einen Betrag von mindestens 120.000 EURO bis 500.000 EURO je nach Erfolg und Anzahl der get\u00f6teten Israelis. Bei Gef\u00e4ngnis erh\u00e4lt die Familie des Attent\u00e4ters eine hohe Gehaltspauschale von mehreren tausend Euro im Monat (mindestens 2.500 \u20ac monatl.) w\u00e4hrend der gesamten Haftdauer in israelischen Gef\u00e4ngnissen. Das Alles und mehr wird von Deutschland und der EU an die Pal\u00e4stinensische Autonomiebeh\u00f6rde bezahlt! <strong><a href=\"https:\/\/www.israelnetz.com\/politik-wirtschaft\/politik\/2017\/07\/31\/pa-zahlt-haelfte-der-auslaendischen-foerderung-an-terroristen-aus\/\"><font color=\"#000080\">Ein Bericht besagt, dass in den vergangenen vier Jahren eine Milliarde Euro an die Straft\u00e4ter gegangen sei.<\/font><\/a><\/strong> <strong><em>Presseartikel:<\/em> <a href=\"https:\/\/ichthys-consulting.de\/blog\/?p=2480\"><font color=\"#000080\">Israel ist Opfer und nicht T\u00e4ter!<\/font><\/a><\/strong>\n<strong><font color=\"#d63c42\">\u2022<\/font><\/strong>\tDie israelische Siedlungspolitik im biblischen Jud\u00e4a, Samaria und dem Westjordanland verst\u00f6\u00dft nicht gegen internationales Recht! Israel hat jedes Recht, im biblischen Jud\u00e4a und Samaria, der so genannten Westbank, H\u00e4user zu bauen. <strong><a href=\"https:\/\/ichthys-consulting.de\/blog\/?p=3353\"><font color=\"#000080\"><em>Presseartikel 1<\/em><\/font><\/a><\/strong>  Alle von Israel vor den Oslo-Vereinbarungen gebauten Siedlungen sind legitim! <strong><a href=\"https:\/\/ichthys-consulting.de\/blog\/?p=3720\"><font color=\"#000080\"><em>Presseartikel 2<\/em><\/font><\/a><\/strong>\n<strong><font color=\"#d63c42\">\u2022<\/font><\/strong>\tSie liefern Deutschland der Diktatur des Islam aus. <strong><em>Presseartikel:<\/em> <a href=\"https:\/\/rettung-fuer-deutschland.de\/blog\/?p=2013\"><font color=\"#000080\">Islamisierung \u2013 15 Punkte die zeigen, dass unter der Regierung Merkel der Islam in Deutschland eingef\u00fchrt wurde!<\/font><\/a><\/strong>\n<strong><font color=\"#d63c42\">\u2022<\/font><\/strong>\tSie erm\u00f6glichen die illegale Masseneinwanderung von Moslems. Asylanten d\u00fcrfen ohne Papiere einreisen, k\u00f6nnen aber ohne Papiere nicht abgeschoben werden, selbst bei kriminellen Straftaten nicht! <strong><em>Presseartikel:<\/em> <a href=\"https:\/\/rettung-fuer-deutschland.de\/blog\/?p=2956\"><font color=\"#000080\">Das Geheimnis der Grundlage Fl\u00fcchtlingskrise von Bundeskanzlerin Frau Dr. Merkel ist gel\u00fcftet!<\/font><\/a><\/strong>\n<a href=\"https:\/\/rettung-fuer-deutschland.de\/blog\/?p=2748\"><img loading=\"lazy\" decoding=\"async\" src=\"https:\/\/www.rettung-fuer-deutschland.de\/foto-wp-krieg-gegen-den-islam-wir-sind-mitten-drin-250x152.jpg\" width=\"250\" height=\"152\" class=\"alignright size-medium\"\/><\/a><strong><font color=\"#d63c42\">\u2022<\/font><\/strong> Sie bek\u00e4mpfen die UN-Menschenrechte-Charta durch die Legalisierung des Islam. <strong><em>Presseartikel:<\/em> <a href=\"https:\/\/rettung-fuer-deutschland.de\/blog\/?p=2748\"><font color=\"#000080\">Der Islam befindet sich im Krieg gegen Deutschland &amp; Europa!<\/font><\/a><\/strong>\n<strong><font color=\"#d63c42\">\u2022<\/font><\/strong>\tSie beeintr\u00e4chtigen die Innere Sicherheit durch die F\u00f6rderung des Islam. In Deutschland &amp; Europa und allen westlichen L\u00e4ndern, haben wir keine Ahnung, wie sich der Islam in unserer freien Gesellschaft auswirkt. Wir nehmen einfach die Behauptung, dass der Islam nur eine friedliche Religion sei, ungepr\u00fcft hin. <strong><em>Presseartikel:<\/em> <a href=\"https:\/\/rettung-fuer-deutschland.de\/blog\/?p=2893\"><font color=\"#000080\">Islam &amp; Koran: Diese brutalen, gesellschaftlichen Ver\u00e4nderungen werden in Deutschland &amp; Europa geschehen!<\/font><\/a><\/strong>\n<a href=\"https:\/\/rettung-fuer-deutschland.de\/blog\/?p=2893\"><img loading=\"lazy\" decoding=\"async\" src=\"https:\/\/www.rettung-fuer-deutschland.de\/foto-wp-islam-laesst-die-welt-in-flammen-aufgehen-250x206.jpg\" width=\"250\" height=\"206\" class=\"alignright size-medium\"\/><\/a><strong><font color=\"#d63c42\">\u2022<\/font><\/strong>\tSie beseitigen die Denkfreiheit der Universit\u00e4ten durch islamische Lehrst\u00fchle. <strong><em>Presseartikel:<\/em> <a href=\"https:\/\/rettung-fuer-deutschland.de\/blog\/?p=2013\"><font color=\"#000080\">islamische Lehrst\u00fchle<\/font><\/a><\/strong>\n<strong><font color=\"#d63c42\">\u2022<\/font><\/strong>\tSie f\u00f6rdern die Islamisierung Deutschlands durch den Islamunterricht an \u00f6ffentlichen Schulen. <strong><em>Presseartikel:<\/em> <a href=\"https:\/\/rettung-fuer-deutschland.de\/blog\/?p=2013\"><font color=\"#000080\">Islamunterricht<\/font><\/a><\/strong>\n<strong><font color=\"#d63c42\">\u2022<\/font><\/strong>\tSie f\u00f6rdern die Islamisierung unserer Kultur. <strong><em>Presseartikel:<\/em> <a href=\"https:\/\/rettung-fuer-deutschland.de\/blog\/?p=1913\"><font color=\"#000080\">Systematische Islamisierung in Europa<\/font><\/a><\/strong>\n<strong><font color=\"#d63c42\">\u2022<\/font><\/strong>\tSie f\u00f6rdern die Entstehung islamischer Parallelgesellschaften. <strong><em>Presseartikel:<\/em> <a href=\"https:\/\/rettung-fuer-deutschland.de\/blog\/?p=1913\"><font color=\"#000080\">Die raffinierte Strategie des Islam<\/font><\/a><\/strong>\n<strong><font color=\"#d63c42\">\u2022<\/font><\/strong>\tSie unterdr\u00fccken die freie Meinungs\u00e4u\u00dferung (z.B. neues Netzwerkdurchsetzungsgesetz f\u00fcr Zensur im Internet). <strong><em>Presseartikel:<\/em> <a href=\"https:\/\/netzpolitik.org\/2017\/bundestag-beschliesst-netzwerkdurchsetzungsgesetz\/\"><font color=\"#000080\">Bundestag beschlie\u00dft Netzwerkdurchsetzungsgesetz<\/font><\/a><\/strong>\n<strong><font color=\"#d63c42\">\u2022<\/font><\/strong>\tSie manipulieren die \u00f6ffentliche Meinung durch Gleichschaltung der Medien (Mainstream, Zensur, SPD-Medienkrieg). <strong><em>Presseartikel:<\/em> <a href=\"https:\/\/rettung-fuer-deutschland.de\/blog\/?p=1611\"><font color=\"#000080\">Das Medien-Imperium<\/font><\/a><\/strong>\n<strong><font color=\"#d63c42\">\u2022<\/font><\/strong>\tSie diskriminieren gesellschaftlich engagierte B\u00fcrger (alle, die nicht der Regierungsmeinung sind werden automatisch als rechtspopulistisch oder als Nazis, bzw. Rechtsradikale beschimpft \u2013 gilt auch f\u00fcr die demokratische Partei in Landtagen wie AfD &amp; Demoverein Pegida). Diese demonstrieren friedlich. Die LINKE dagegen \u00fcber die ANTIFA mit Gewalt! <strong><em>Presseartikel:<\/em> <a href=\"https:\/\/rettung-fuer-deutschland.de\/blog\/?p=2897\"><font color=\"#000080\">B\u00fcrgerkrieg in Deutschland &#8211; ANTIFA &amp; der Linke Staat!<\/font><\/a><\/strong>\n<strong><font color=\"#d63c42\">\u2022<\/font><\/strong>\tSie diffamieren Verteidiger des Rechtsstaates als Nationalsozialisten.\n<strong><font color=\"#d63c42\">\u2022<\/font><\/strong>\tSie torpedieren die Soziale Marktwirtschaft durch planwirtschaftliche Ma\u00dfnahmen. <strong><a href=\"https:\/\/www.fachinfo.eu\/merkel.pdf\"><font color=\"#000080\">Download PDF-Dokument<\/font><\/a><\/strong>\n<strong><font color=\"#d63c42\">\u2022<\/font><\/strong>\tSie unterdr\u00fccken die mittelst\u00e4ndische Wirtschaft durch unn\u00f6tige Vorschriften.\n<strong><font color=\"#d63c42\">\u2022<\/font><\/strong>\tSie haben den Strompreis verdoppelt (durch falsche Energiepolitik f\u00fcr Konzerne und gegen die Verbraucher). Das merkt jeder Verbraucher an seinen eigenen monatlichen Stromkosten!\n<strong><font color=\"#d63c42\">\u2022<\/font><\/strong>\tSie haben die Staatsverschuldung verdoppelt. <em>Presseartikel 1:<\/em> <strong><a href=\"https:\/\/www.staatsschuldenuhr.de\/\"><font color=\"#000080\">Die deutsche Staatsschuldenuhr<\/font><\/a> <em>Presseartikel 2:<\/em> <a href=\"https:\/\/rettung-fuer-deutschland.de\/blog\/?p=2037\"><font color=\"#000080\">14 Gr\u00fcnde und mehr warum die Bundesrepublik Deutschland finanziell am Abgrund lebt!<\/font><\/a><\/strong>\n<a href=\"https:\/\/www.rettung-fuer-deutschland.de\/rfd-aktuell.html\"><img loading=\"lazy\" decoding=\"async\" src=\"https:\/\/www.rettung-fuer-deutschland.de\/foto-schuldenuhr-bundesrepublik-deutschland-20170104-620x309.jpg\" width=\"620\" height=\"309\" class=\"alignnone size-medium\"\/><\/a>\n<strong><font color=\"#d63c42\">\u2022<\/font><\/strong>\tSie bestrafen Sparer (keine Zinsen auf Sparguthaben, bzw. werden durch Inflation aufgefressen!).\n<strong><font color=\"#d63c42\">\u2022<\/font><\/strong>\tSie brechen EU-Gesetze wie die No-Bail-Out-Klausel. Die Nichtbeistands-Klausel bezeichnet eine fundamentale Klausel der Europ\u00e4ischen Wirtschafts- und W\u00e4hrungsunion (EWWU), die in Art. 125 AEU-Vertrag festgelegt ist und die Haftung der Europ\u00e4ischen Union sowie aller Mitgliedstaaten f\u00fcr Verbindlichkeiten einzelner Mitgliedstaaten ausschlie\u00dft). <strong><em>Presseartikel:<\/em> <a href=\"https:\/\/dejure.org\/gesetze\/AEUV\/125.html\"><font color=\"#000080\">Vertrag \u00fcber die Arbeitsweise der Europ\u00e4ischen Union Art. 125 (ex-Artikel 103 EGV)<\/font><\/a><\/strong>\n<strong><font color=\"#d63c42\">\u2022<\/font><\/strong>\tSie zwingen die B\u00fcrger, korrupte Banken und Staaten zu finanzieren (z.B. Griechenland, Banken in Italien usw.).\n<a href=\"https:\/\/rettung-fuer-deutschland.de\/blog\/?p=719\"><img loading=\"lazy\" decoding=\"async\" src=\"https:\/\/www.rettung-fuer-deutschland.de\/foto-wp-altersarmut-text-250x167.jpg\" width=\"250\" height=\"167\" class=\"alignright size-medium\"\/><\/a><strong><font color=\"#d63c42\">\u2022<\/font><\/strong>\tSie f\u00f6rdern die Verarmung bestimmter Bev\u00f6lkerungsteile, insbesondere der Rentner. <strong><em>Presseartikel 1:<\/em> <a href=\"https:\/\/rettung-fuer-deutschland.de\/blog\/?p=2086\"><font color=\"#000080\">Rente &amp; Altersarmut &#8211; Bundesregierung warnt B\u00fcrger vor Problemen, welche die Regierung selbst verursacht hat!<\/font><\/a> <em>Presseartikel 2:<\/em> <a href=\"https:\/\/rettung-fuer-deutschland.de\/blog\/?p=719\"><font color=\"#000080\">Altersarmut Armut &amp; Rente der Skandal!<\/font><\/a><\/strong>\n<strong><font color=\"#d63c42\">\u2022<\/font><\/strong>\tSie reduzieren die Wehrbereitschaft (Technik &amp; Personal bei Bundeswehr teilweise veraltet und nicht mehr einsetzbar. Notwendig Neubeschaffungen verz\u00f6gern sich um Jahre und Jahrzehnte. Ein Skandal ersetzt den anderen).\n<a href=\"https:\/\/rettung-fuer-deutschland.de\/blog\/?p=2205\"><img loading=\"lazy\" decoding=\"async\" src=\"https:\/\/www.rettung-fuer-deutschland.de\/foto-wp-deutschland-begeht-selbstmord-schafft-sich-ab-islam-merkel-fluechtlingskrise-250x120.jpg\" width=\"250\" height=\"120\" class=\"alignright size-medium\"\/><\/a><strong><font color=\"#d63c42\">\u2022<\/font><\/strong> Sie senken das Bildungsniveau (Fl\u00fcchtlingskrise mit Asylanten &amp; Migranten). <strong><em>Presseartikel 1:<\/em> <a href=\"https:\/\/rettung-fuer-deutschland.de\/blog\/?p=2205\"><font color=\"#000080\">Deutschland begeht Selbstmord<\/font><\/a> <em>Presseartikel 2:<\/em> <a href=\"https:\/\/rettung-fuer-deutschland.de\/blog\/?p=2867\"><font color=\"#000080\">Unsere Schulen eine Katastrophe<\/font><\/a> <em>Presseartikel 3:<\/em> <a href=\"https:\/\/rettung-fuer-deutschland.de\/blog\/?p=2709\"><font color=\"#000080\">Fl\u00fcchtlingskrise: Schulalltag in Deutschland<\/font><\/a><\/strong>\n<strong><font color=\"#d63c42\">\u2022<\/font><\/strong>\tSie ruinieren die Familienstruktur unseres Volkes (z.B. Homoehe, Ehe f\u00fcr alle). <strong><em>Presseartikel 1:<\/em> <a href=\"https:\/\/ichthys-consulting.de\/blog\/?p=293\"><font color=\"#000080\">Homo Ehe verst\u00f6\u00dft gegen das Grundgesetz!<\/font><\/a> <a href=\"https:\/\/rettung-fuer-deutschland.de\/blog\/?p=500\"><img loading=\"lazy\" decoding=\"async\" src=\"https:\/\/www.rettung-fuer-deutschland.de\/foto-wp-weisheit-welt-torheit-gott-250x92.jpg\" width=\"250\" height=\"92\" class=\"alignright size-medium\"\/><\/a><em>Presseartikel 2:<\/em> <a href=\"https:\/\/rettung-fuer-deutschland.de\/blog\/?p=500\"><font color=\"#000080\">Politische Ziele in Deutschland oder wenn ein Volk gottlos wird &#8230;&#8230;<\/font><\/a><\/strong>\n<strong><font color=\"#d63c42\">\u2022<\/font><\/strong>\tSie regieren am Volk vorbei und schaffen das Christentum auf R\u00fccksicht auf den Islam, Migranten &amp; Asylanten ab! <strong><em>Presseartikel:<\/em> <a href=\"https:\/\/ichthys-consulting.de\/blog\/?p=1449\"><font color=\"#000080\">Missionsland Deutschland<\/font><\/a><\/strong>\n<strong><a href=\"https:\/\/www.fachinfo.eu\/merkel.pdf\"><font color=\"#000080\">Detailnachweise als PDF-Download f\u00fcr viele der genannten Punkte.<\/font><\/a><\/strong>\n<img loading=\"lazy\" decoding=\"async\" src=\"https:\/\/www.rettung-fuer-deutschland.de\/grafik-wp-strich-rot-620x10.gif\" width=\"620\" height=\"10\" class=\"alignnone size-medium\"\/>\n<a href=\"https:\/\/rettung-fuer-deutschland.de\/blog\/?p=3977\" rel=\"noopener noreferrer\" target=\"_blank\"><img loading=\"lazy\" decoding=\"async\" src=\"https:\/\/www.rettung-fuer-deutschland.de\/foto-wp-merkel-regierung-flug-politisches-verderben-250x127.jpg\" width=\"250\" height=\"127\" class=\"alignright size-medium\"\/><\/a><strong>Deutschland mit Merkel im Steigflug \u2013 ein Crash im Hochgebirge ist nicht mehr aufzuhalten!<\/strong> In der Fliegerei gibt es den Begriff \u201eV1\u201c. Er bezeichnet den Zeitpunkt w\u00e4hrend eines Startvorgangs, an dem die Geschwindigkeit (V) auf dem Boden bereits so gro\u00df ist, da\u00df der Start nicht mehr abgebrochen werden kann, weil das Ende der Startbahn nicht mehr ausreicht. Egal, welche Fehlermeldungen auftauchen,  nach \u201eV1\u201c mu\u00df der Jet um jeden Preis abheben. Politisch hat der Merkel-Jet \u201eV1\u201c bereits hinter sich gelassen. Merkels Flug ins politische Verderben mu\u00df abheben. <strong><a href=\"https:\/\/rettung-fuer-deutschland.de\/blog\/?p=3977\" rel=\"noopener noreferrer\" target=\"_blank\"><font color=\"#000080\">\u2026 vollst\u00e4ndigen Presseartikel lesen bei WordPress<\/font><\/a><\/strong>\n\n<a href=\"https:\/\/rettung-fuer-deutschland.de\/blog\/?p=3950\" rel=\"noopener noreferrer\" target=\"_blank\"><img loading=\"lazy\" decoding=\"async\" src=\"https:\/\/www.rettung-fuer-deutschland.de\/foto-wp-merkel-medienmogul-clinton-millionen-250x140.jpg\" width=\"250\" height=\"140\" class=\"alignright size-medium\"\/><\/a><strong>Merkw\u00fcrdige Zusammenh\u00e4nge &#8211; Merkel, der Medienmogul und die Clinton-Millionen &#8211; alle gegen Trump!<\/strong> Immer mehr wird deutlich, dass die Obama-Regierung sich von der Clinton-Kampagne hat missbrauchen lassen, um das Team von Donald Trump zu sabotieren. Dabei r\u00fccken nun auch die Verstrickungen der umstrittenen Clinton-Stiftung in den Fokus, und ihre Verbindungen zur Merkel-Regierung. Die Merkel-Regierung hat im Vorfeld der Wahl 4,7 Mio. Euro Steuergelder als \u201eEntwicklungshilfe\u201c an die Clinton-Stiftung \u00fcberwiesen. Die Clinton-Stiftung gibt vor, eine mildt\u00e4tige Stiftung zu sein, die Hilfsprojekte in aller Welt unterst\u00fctzt. Der Korruptionsforscher Peter Schweizer hat jedoch in seinem Buch \u201eClinton Cash\u201c enth\u00fcllt, wie die Clinton-Stiftung Millionen- und Milliarden-Spenden von Firmen und Menschen sammelte, die etwas von den USA und der Au\u00dfenministerin Hillary Clinton erreichen wollen. <strong><a href=\"https:\/\/rettung-fuer-deutschland.de\/blog\/?p=3950\" rel=\"noopener noreferrer\" target=\"_blank\"><font color=\"#000080\">\u2026 vollst\u00e4ndigen Presseartikel lesen bei WordPress<\/font><\/a><\/strong>\n<img loading=\"lazy\" decoding=\"async\" src=\"https:\/\/www.rettung-fuer-deutschland.de\/grafik-wp-strich-rot-620x10.gif\" width=\"620\" height=\"10\" class=\"alignnone size-medium\"\/>\n<strong><em><font color=\"#d63c42\">Was k\u00f6nnen wir dagegen tun?<\/font><\/em><\/strong>\n<a href=\"https:\/\/www.rettung-fuer-deutschland.de\/\"><img loading=\"lazy\" decoding=\"async\" src=\"https:\/\/www.rettung-fuer-deutschland.de\/grafik-rfd-deutschlandkarte-logo-ziele-290x385.gif\" width=\"290\" height=\"385\" class=\"alignright size-medium\"\/><\/a><strong>Die zentralen Ziele von RfD Rettung f\u00fcr Deutschland &#8211; der Mittelstandspartei &#8211; die vom Mittelstand finanziert wird sind:<\/strong>\n<strong>1. F\u00fcr ein Land ohne Schulden, mit Visionen und Gerechtigkeit!\n2. Ein gerechtes &amp; einfaches Steuersystem\n3. Gerechte Renten &amp; Beseitigung der Altersarmut\n4. Verhinderung der Ausbreitung des Islam in Deutschland &amp; Europa<\/strong>\nDeutschland und die Welt stecken in einer tiefen Krise. Die Finanzkrise, Schuldenkrise und die Fl\u00fcchtlingskrise sind leider nur die Spitze des Eisberges. Wir m\u00fcssen zur\u00fcck zu moralischen Grundwerten, mit denen die Bundesrepublik zu einer f\u00fchrenden Wirtschaftsnation weltweit geworden ist. Durch zu viele politische Fehlentscheidungen haben wir dieses Kapital fast verspielt. Mehr Informationen unter: <strong><a href=\"https:\/\/www.rettung-fuer-deutschland.de\"><font color=\"#000080\">RfD Rettung f\u00fcr Deutschland<\/font><\/a><\/strong>\n\n<a href=\"https:\/\/www.rettung-fuer-deutschland.de\/download-liste-presseartikel-fluechtlingskrise-rfd-autor-uwe-melzer.pdf\"><img loading=\"lazy\" decoding=\"async\" src=\"https:\/\/www.rettung-fuer-deutschland.de\/foto-wp-fleuchtlingskrise-zivilisationt-droht-untergang-245x120.jpg\" width=\"245\" height=\"120\" class=\"alignright\"\/><\/a><strong>Liste von Presseartikel zum Thema Fl\u00fcchtlingskrise<\/strong> mit allen Internetlinks von Autor Uwe Melzer. Droht unserer europ\u00e4ischen Zivilisation und dem sozialen Frieden der Untergang, auch im Zusammenhang mit der Fl\u00fcchtlingskrise, oder schaffen wir das? <strong><a href=\"https:\/\/www.rettung-fuer-deutschland.de\/download-liste-presseartikel-fluechtlingskrise-rfd-autor-uwe-melzer.pdf\"><font color=\"#000080\">*** PDF-Download ***<\/font><\/a><\/strong>\n\n<a href=\"https:\/\/www.ichthys-consulting.de\/download-liste-presseartikel-islam-autor-uwe-melzer-wissen-agentur.pdf\"><img loading=\"lazy\" decoding=\"async\" src=\"https:\/\/www.ichthys-consulting.de\/foto-wp-islam-gefahr-fuer-deutschland-und-die-welt-245x120.jpg\" width=\"245\" height=\"120\" class=\"alignright\"\/><\/a><strong>Eine Auflistung aller Presseartikel von Autor Uwe Melzer \u00fcber den Islam<\/strong> mit allen Internetlinks erhalten Sie auch als kostenloses <strong><a href=\"https:\/\/www.wissen-agentur.de\/download-liste-presseartikel-islam-autor-uwe-melzer-wissen-agentur.pdf\"><font color=\"#000080\">PDF-Dokument.<\/font><\/a><\/strong>\n\n<a href=\"https:\/\/www.50-erfolgsgrundlagen.de\/\" rel=\"noopener noreferrer\" target=\"_blank\"><img loading=\"lazy\" decoding=\"async\" src=\"https:\/\/www.50-erfolgsgrundlagen.de\/Grafik-WP-Buch-Titelseite-H100.jpg\" width=\"71\" height=\"100\" class=\"alignleft\"\/><\/a><strong>Mehr \u00fcber den Autor lesen Sie im Buch\/eBook mit dem Titel: <a href=\"https:\/\/www.50-erfolgsgrundlagen.de\/\"><font color=\"#000080\">&#8222;50 biblische Erfolgsgrundlagen im Gesch\u00e4ftsleben&#8220;<\/font><\/a>, erschienen im <a href=\"https:\/\/www.epubli.de\/shop\/autor\/Uwe-Melzer\/2518\"><font color=\"#000080\">epubli-Verlag unter Buch-ISBN: 978-3-8442-2969-1 und eBook\/ePUB-ISBN: 978-3-8442-0365-3.<\/font><\/a><\/strong>\n\n<a href=\"https:\/\/www.rettung-fuer-deutschland.de\"><img loading=\"lazy\" decoding=\"async\" src=\"https:\/\/www.rettung-fuer-deutschland.de\/grafik-wp-deutschlandflagge-am-mast-rfd-logo-280x140.jpg\" alt=\"\" width=\"280\" height=\"140\" class=\"alignleft\"\/><\/a><strong><a title=\"Rettung &amp; Vision f\u00fcr Deutschland\" href=\"https:\/\/www.rettung-fuer-deutschland.de\"><font color=\"#000080\">Rettung &amp; Vision f\u00fcr Deutschland<\/font><\/a><\/strong>\nE-Mail: <a href=\"mailto:rfd@rettung-fuer-deutschland.de\"><font color=\"#000080\">rfd@rettung-fuer-deutschland.de<\/font><\/a>\nInternet: <a href=\"https:\/\/www.rettung-fuer-deutschland.de\/\"><font color=\"#000080\">www.rettung-fuer-deutschland.de<\/font><\/a>\n\n<a class=\"twitter-share-button\" href=\"https:\/\/twitter.com\/share\" data-url=\"https:\/\/rettung-fuer-deutschland.de\/blog\/?p=3049\" data-text=\"Wir #schaffen #das ..... #Deutschland zu #ruinieren!\" data-lang=\"de\">Twittern<\/a><script>!function(d,s,id){var js,fjs=d.getElementsByTagName(s)[0];if(!d.getElementById(id)){js=d.createElement(s);js.id=id;js.src=\"\/\/platform.twitter.com\/widgets.js\";fjs.parentNode.insertBefore(js,fjs);}}(document,\"script\",\"twitter-wjs\");<\/script> <a href=\"https:\/\/www.xing.com\/spi\/shares\/new?follow_url=https:\/\/www.xing.com\/profile\/Uwe_Melzer2&amp;sc_p=b7910_cb&amp;url=https:\/\/rettung-fuer-deutschland.de\/blog\/?p=3049\" target=\"_blank\" rel=\"noopener noreferrer\"><img decoding=\"async\" src=\"https:\/\/www.rettung-fuer-deutschland.de\/grafik-xing-button-60x20.jpg\" alt=\"\" border=\"0\"\/><\/a>  <script src=\"\/\/platform.linkedin.com\/in.js\" type=\"text\/javascript\">lang: de_DE<\/script><script type=\"IN\/Share\" data-url=\"https:\/\/rettung-fuer-deutschland.de\/blog\/?p=3049\"><\/script>\n<div id=\"fb-root\"><\/div>\n<script src=\"https:\/\/connect.facebook.net\/de_DE\/all.js#appId=1849770545241294&amp;xfbml=1\"><\/script><fb:like href=\"https:\/\/rettung-fuer-deutschland.de\/blog\/?p=3049\" send=\"true\" width=\"450\" show_faces=\"true\" font=\"arial\"><\/fb:like><!-- \/wp:post-content -->","protected":false},"excerpt":{"rendered":"<p>Bei dem ber\u00fchmten Satz der Bundeskanzlerin von Deutschland Frau Dr. Angela Merkel \u201eWir schaffen das?\u201c fehlt allerdings der zweite Satzteil \u2026\u2026 Deutschland zu ruinieren! Das Problem ist, den Untergang von Deutschland aufzuhalten oder zu verhindern ist nicht mehr m\u00f6glich, weil alle Weichen daf\u00fcr falsch gestellt sind. Der Zug f\u00e4hrt auf dem Gleis der Vernichtung, ist nicht mehr zu stoppen, ein Zugf\u00fchrer ist nicht vorhanden, die Bremsen sind ausgefallen und der n\u00e4chste Prellbock ist ein Hauptbahnhof in einer deutschen Grosstadt mit einem Kopfbahnhof. Die Katastrophe ist bekannt, alle Fakten liegen vor, aber niemand unternimmt etwas und der Kopfbahnhof wird auch nicht ger\u00e4umt. Denn es gilt die Devise: \u201eWir schaffen das!\u201c Sie denken dieses Szenario ist erfunden. Nein leider stimmt es tats\u00e4chlich. Und die Fakten dazu lassen sich alle beweisen. Zu jeder einzelnen Katastrophe finden Sie nachfolgend einen Link zu einem ausf\u00fchrlichen Presseartikel mit allen Beweisen, Fakten und Quellennachweisen. Diese sollten Sie alle aufmerksam lesen. 1. Die Bundesrepublik ist pleite! \u2026 vollst\u00e4ndigen Presseartikel lesen bei WordPress: https:\/\/rettung-fuer-deutschland.de\/blog\/?p=3049<\/p>\n","protected":false},"author":1,"featured_media":0,"comment_status":"open","ping_status":"open","sticky":false,"template":"","format":"standard","meta":{"footnotes":""},"categories":[1,19,751,2927,4,1718,32,3,246,49,5],"tags":[93,595,1754,3078,1937,3080,2853,2122,1280,791,899,2458,3046,599,3055,35,3079,3077,41,755,3076],"class_list":["post-3049","post","type-post","status-publish","format-standard","hentry","category-allgemein","category-deutschland","category-finanzpolitik","category-fluechtlingskrise","category-gesellschaft","category-islam","category-mittelstand","category-politik","category-religion","category-welt","category-wirtschaft","tag-altersarmut","tag-bundeskanzlerin","tag-buergerkrieg","tag-das","tag-deutschland","tag-dieselkrise","tag-digitalisierung","tag-fluechtlingskrise","tag-fluechtlingspolitik","tag-islam","tag-islamisierung","tag-katastrophe","tag-medienkrieg","tag-merkel","tag-pleite","tag-rente","tag-ruinieren","tag-schaffen","tag-sozialkosten","tag-untergang","tag-wir"],"_links":{"self":[{"href":"https:\/\/rettung-fuer-deutschland.de\/blog\/wp-json\/wp\/v2\/posts\/3049","targetHints":{"allow":["GET"]}}],"collection":[{"href":"https:\/\/rettung-fuer-deutschland.de\/blog\/wp-json\/wp\/v2\/posts"}],"about":[{"href":"https:\/\/rettung-fuer-deutschland.de\/blog\/wp-json\/wp\/v2\/types\/post"}],"author":[{"embeddable":true,"href":"https:\/\/rettung-fuer-deutschland.de\/blog\/wp-json\/wp\/v2\/users\/1"}],"replies":[{"embeddable":true,"href":"https:\/\/rettung-fuer-deutschland.de\/blog\/wp-json\/wp\/v2\/comments?post=3049"}],"version-history":[{"count":0,"href":"https:\/\/rettung-fuer-deutschland.de\/blog\/wp-json\/wp\/v2\/posts\/3049\/revisions"}],"wp:attachment":[{"href":"https:\/\/rettung-fuer-deutschland.de\/blog\/wp-json\/wp\/v2\/media?parent=3049"}],"wp:term":[{"taxonomy":"category","embeddable":true,"href":"https:\/\/rettung-fuer-deutschland.de\/blog\/wp-json\/wp\/v2\/categories?post=3049"},{"taxonomy":"post_tag","embeddable":true,"href":"https:\/\/rettung-fuer-deutschland.de\/blog\/wp-json\/wp\/v2\/tags?post=3049"}],"curies":[{"name":"wp","href":"https:\/\/api.w.org\/{rel}","templated":true}]}}