{"id":3348,"date":"2017-09-20T18:31:16","date_gmt":"2017-09-20T16:31:16","guid":{"rendered":"https:\/\/rettung-fuer-deutschland.de\/blog\/?p=3348"},"modified":"2018-09-08T15:40:03","modified_gmt":"2018-09-08T13:40:03","slug":"bundestagswahl-wahlhilfe-warum-sie-die-afd-waehlen-sollten","status":"publish","type":"post","link":"https:\/\/rettung-fuer-deutschland.de\/blog\/bundestagswahl-wahlhilfe-warum-sie-die-afd-waehlen-sollten\/","title":{"rendered":"N\u00e4chste Bundestagswahl \/ Landtagswahlen \u2013 Wahlhilfe: Warum Sie die AfD w\u00e4hlen sollten!"},"content":{"rendered":"<p><a href=\"https:\/\/rettung-fuer-deutschland.de\/blog\/?p=3348\"><img loading=\"lazy\" decoding=\"async\" src=\"https:\/\/www.rettung-fuer-deutschland.de\/foto-wp-afd-mut-zu-deutschland-620x448.jpg\" width=\"620\" height=\"448\" class=\"alignnone size-medium\" \/><\/a><\/p>\n<p><strong><em>Die Alternative f\u00fcr Deutschland (abgek\u00fcrzt AfD) ist eine 2013 in Berlin gegr\u00fcndete politische Partei in Deutschland. Bei der Europawahl 2014 gewann sie erstmals \u00fcberregionale Mandate und zog ab 2014 in 13 Landesparlamente ein.<\/em><\/strong> (Autor: Reiner Heumann)<\/p>\n<p><strong><font color=\"#d63c42\"><em>Warum Sie bei der n\u00e4chsten Bundestagswahl und Landtagswahlen die AfD w\u00e4hlen sollten!<\/em><\/font><\/strong><\/p>\n<p><strong><font color=\"#d63c42\">\u2022<\/font><\/strong>\tWeil die B\u00fcrger in der Politik mitbestimmen sollten.<\/p>\n<p><strong><font color=\"#d63c42\">\u2022<\/font><\/strong> Weil ich f\u00fcr einen starken, unabh\u00e4ngigen, Staat bin.<\/p>\n<p><strong><font color=\"#d63c42\">\u2022<\/font><\/strong>\tWeil ich mich auch in schwierigen Zeiten auf meine Politiker verlassen m\u00f6chte.<\/p>\n<p><strong><font color=\"#d63c42\">\u2022<\/font><\/strong>\tWeil auch die Rente f\u00fcr mich ein ganz wichtiges Thema f\u00fcr die jetzigen und zuk\u00fcnftigen Generationen ist.<\/p>\n<p><strong><font color=\"#d63c42\">\u2022<\/font><\/strong>\tWeil ich viel von Selbstverwaltung halte und mich nicht einer auferlegten Staatsverwaltung beugen will.<\/p>\n<p><strong><font color=\"#d63c42\">\u2022<\/font><\/strong>\tWeil ich mit meiner Stimme ein Zeichen f\u00fcr Sicherheit erreichen m\u00f6chte und dass die abendl\u00e4ndische Kultur erhalten bleibt.<\/p>\n<p><strong><font color=\"#d63c42\">\u2022<\/font><\/strong>\tWeil ich nicht mehr dem Einfluss der \u00f6ffentlich-rechtlichen Regierungspropagandasendern und ihren 3. Programmen und Privatsendern, sowie der Printl\u00fcgenpresse ausgeliefert werden will.<\/p>\n<p><strong><font color=\"#d63c42\">\u2022<\/font><\/strong>\tWeil ich die Demokratie und unsere Grundwerte bewahrt sehen m\u00f6chte.<\/p>\n<p><strong><font color=\"#d63c42\">\u2022<\/font><\/strong>\tWeil ich f\u00fcr direkte Demokratie, Gewaltenteilung, Rechtsstaatlichkeit und soziale Marktwirtschaft bin.<\/p>\n<p><strong><font color=\"#d63c42\">\u2022<\/font><\/strong>\tWeil ich f\u00fcr F\u00f6deralismus bin und die Familienf\u00f6rderung unterst\u00fctze.<\/p>\n<p><strong><font color=\"#d63c42\">\u2022<\/font><\/strong>\tWeil ich die gelebten Traditionen deutscher Kultur beibehalten m\u00f6chte.<\/p>\n<p><strong><font color=\"#d63c42\">\u2022<\/font><\/strong>\tWeil ich die Mitbestimmung der B\u00fcrger st\u00e4rken und dadurch die Demokratie lebendiger machen m\u00f6chte.<\/p>\n<p><strong><font color=\"#d63c42\">DEMOKRATIE UND GRUNDWERTE<\/font><\/strong><br \/>\nWeil ich Volksabstimmungen nach Schweizer Vorbild m\u00f6chte, die Direktwahl des Bundespr\u00e4sidenten durch das Volk erfolgen soll, die Neugestaltung des Wahlsystems mit freier Listenwahl unterst\u00fctze, die Begrenzung der staatlichen Parteienfinanzierung sowie die Einf\u00fchrung eines Straftatbestandes der Steuerverschwendung fordere.<\/p>\n<p><strong><font color=\"#d63c42\">EURO UND EUROPA<\/font><\/strong><br \/>\nWeil ich mit allen europ\u00e4ischen Nachbarn in Freundschaft und guter Nachbarschaft leben m\u00f6chte.<\/p>\n<p>Weil ich Europa nicht als zentralistischen Bundesstaat sehen m\u00f6chte, daher m\u00fcssen die Kompetenzen an die Nationalstaaten zur\u00fcckgegeben werden.<\/p>\n<p>Weil das Euro \u2013 Experiment gescheitert ist und ich daher eine Volksabstimmung verlange. Weil ich eine Haftung unserer Banken f\u00fcr ausl\u00e4ndischen Banken ablehne und eine Bankenunion m\u00f6chte.<\/p>\n<p><strong><font color=\"#d63c42\">INNERE SICHERHEIT UND JUSTIZ<\/font><\/strong><br \/>\nWeil ich den Rechtsstaat gest\u00e4rkt sehen und dem Recht zu einer konsequenten Durchsetzung verhelfen m\u00f6chte.<\/p>\n<p>Weil ich die Polizei, Bundeswehr und Sicherheitskr\u00e4fte st\u00e4rker gestellt sehen m\u00f6chte. Auch m\u00fcssen die deutschen Grenzen durchgehend gesch\u00fctzt werden. Ich m\u00f6chte weisungsfreie Staatsanw\u00e4lte und unabh\u00e4ngige Richter, damit die Strafjustiz verbessert wird.<\/p>\n<p>Weil ich organisierte Kriminalit\u00e4t nachhaltig bek\u00e4mpft sehen m\u00f6chte.<\/p>\n<p>Weil ich keine Versch\u00e4rfung des Waffenrechts f\u00fcr unbescholtene B\u00fcrger haben m\u00f6chte.<\/p>\n<p><strong><font color=\"#d63c42\">KULTUR, SPRACHE UND IDENTIT\u00c4T<\/font><\/strong><br \/>\nWeil ich Ehe, Familie und Kinder den bestm\u00f6glichen gesellschaftlichen Zusammenhalt durch den besonderen Schutz des Staates bieten m\u00f6chte, weil ich den Einfluss der Parteien auf das Kulturleben zur\u00fcckdr\u00e4ngen, aber gemeinn\u00fctzige, private Kulturstiftungen und b\u00fcrgerschaftliche Kulturinitiativen st\u00e4rken m\u00f6chte.<\/p>\n<p>Weil die deutsche Sprache das Zentrum unserer Identit\u00e4t ist. Ein Islam, der unsere Rechtsordnung nicht akzeptiert, geh\u00f6rt nicht zu Deutschland. Weil ich keine Vollverschleierung im \u00f6ffentlichen Raum m\u00f6chte.<\/p>\n<p>Weil eine zeitgem\u00e4\u00dfe Medienpolitik betrieben werden muss, sowie Zwangsgeb\u00fchren der GEZ und Rundfunkbeitr\u00e4ge abgeschafft werden m\u00fcssen, um eine unabh\u00e4ngige und frei Presse zu gew\u00e4hrleisten.<\/p>\n<p><strong><font color=\"#d63c42\">AUSSEN- UND SICHERHEITSPOLITIK<\/font><\/strong><br \/>\nWeil ich nicht m\u00f6chte, dass Deutschland sich in die inneren Angelegenheiten anderer Staaten einmischt.<\/p>\n<p>Weil ich daf\u00fcr bin, zu allen Staaten gute Beziehungen zu entwickeln, zu pflegen und unsere Au\u00dfenpolitik verpflichtet werden soll, die Interessen unseres Landes zu vertreten.<\/p>\n<p>Weil ich deutsche NATO \u2013 Milit\u00e4reins\u00e4tze nur unter UN-Mandat bef\u00fcrworte.<\/p>\n<p>Weil ich gegen eine europ\u00e4ische Armee bin und f\u00fcr den Erhalt der deutschen Souver\u00e4nit\u00e4t bin.<\/p>\n<p>Weil ich f\u00fcr die Wiedereinf\u00fchrung der Wehrpflicht bin, um somit die Bundeswehr zu st\u00e4rken. Weil ich f\u00fcr ein besseres Verh\u00e4ltnis zu Russland eintrete und die St\u00e4rkung der OSZE bef\u00fcrworte.<\/p>\n<p>Weil ich Entwicklungshilfe nur als \u201eHilfe zur Selbsthilfe\u201c unterst\u00fctze.<\/p>\n<p><strong><font color=\"#d63c42\">ARBEITSMARKT UND SOZIALPOLITIK<\/font><\/strong><br \/>\nWeil ich es als wichtiges Ziel sehe, ein selbstbestimmtes Leben in einem relativen Wohlstand zu f\u00fchren.<\/p>\n<p>Weil eine Kinder- und Erziehungsleistung bei sozialer Sicherung, sowie bei der Rente zu ber\u00fccksichtigen ist.<\/p>\n<p>Weil der Mindestlohn beibehalten werden muss. Weil die Bundesagentur f\u00fcr Arbeit aufgel\u00f6st, daf\u00fcr aber kommunale \u201eJobcenter\u201c aufgewertet werden sollen.<\/p>\n<p>Weil ich eine aktivierende Grundsicherung als Alternative zu Hartz IV bef\u00fcrworte.<\/p>\n<p>Weil ich f\u00fcr eine Aufwertung der Pflege durch Familienangeh\u00f6rige und eine h\u00f6here Verg\u00fctung bin.<\/p>\n<p><strong><font color=\"#d63c42\">FAMILIEN UND KINDER<\/font><\/strong><br \/>\nWeil insbesondere Ehe, Familie und Kinder den gesellschaftlichen Zusammenhalt garantieren, sollen sie zu Recht den besonderen Schutz des Staates erfahren.<\/p>\n<p>Weil ich gewachsene, kulturelle und regionale Traditionen und Institutionen sch\u00fctzen will. Dazu geh\u00f6rt das Bekenntnis zur traditionellen Familie als Leitbild. Mehr Kinder statt Masseneinwanderung.<\/p>\n<p>Weil ich gegen eine Diskriminierung der Vollzeitm\u00fctter bin. Ich fordere einen Stopp dieser Diskriminierung.<\/p>\n<p>Weil ich f\u00fcr eine Unterst\u00fctzung der Alleinerziehenden bin und f\u00fcr eine St\u00e4rkung der Familie. Weil ich f\u00fcr eine Willkommenskultur f\u00fcr Neu- und Ungeborene bin.<\/p>\n<p><strong><font color=\"#d63c42\">SCHULE, HOCHSCHULE UND FORSCHUNG<\/font><\/strong><br \/>\nWeil die AfD sich der Freiheit von Forschung und Lehre, als unabdingbare Grundvoraussetzungen f\u00fcr wissenschaftlichen Fortschritt, verpflichtet hat.<\/p>\n<p>Weil ich f\u00fcr die Wiedereinf\u00fchrung von Diplom, Magister und Staatsexamen bin. Weil die F\u00f6rderung der uns\u00e4glichen Genderforschung beendet werden muss.<\/p>\n<p>Weil ich f\u00fcr ein NEIN zu \u201eGender-Mainstreaming\u201c und Fr\u00fchsexualisierung bin. Weil ich Geschlechterquoten in Studium und am Arbeitsplatz ablehne.<\/p>\n<p>Weil unser Schulsystem nur durch Differenzierung und nicht durch eine Einheitsschule stark ist.<\/p>\n<p><a href=\"https:\/\/rettung-fuer-deutschland.de\/blog\/?p=3348\"><img loading=\"lazy\" decoding=\"async\" src=\"https:\/\/www.rettung-fuer-deutschland.de\/foto-wp-afd-deutschland-in-zahlen-620x339.jpg\" width=\"620\" height=\"339\" class=\"alignnone size-medium\" \/><\/a><\/p>\n<p><strong><font color=\"#d63c42\">EINWANDERUNG, INTEGRATION UND ASYL<\/font><\/strong><br \/>\nWeil Deutschland aufgrund seiner geografischen Lage, seiner Geschichte und dichten Besiedlung, kein klassisches Einwanderungsland ist.<\/p>\n<p>Weil es notwendig ist, zwischen politisch Verfolgten einerseits und Kriegsfl\u00fcchtlingen andererseits zu unterscheiden.<\/p>\n<p>Weil ich keine irregul\u00e4re Einwanderung \u00fcber das Asylrecht erlaube, daf\u00fcr aber eine konsequente R\u00fcckf\u00fchrung. Ich verlange ein Ende von Fehlanreizen und falscher Nachsicht. Weil ich keine direkte Einwanderung in unsere Sozialsysteme m\u00f6chte.<\/p>\n<p>Weil ich nur eine gesetzlich, geregelte Einwanderung aus Drittstaaten nach qualitativen Kriterien bef\u00fcrworte. Integration ist mehr, als nur Deutsch zu lernen.<\/p>\n<p>Weil ich eine doppelte Staatsb\u00fcrgerschaft f\u00fcr nichteurop\u00e4ische Staaten ablehne.<\/p>\n<p><strong><font color=\"#d63c42\">WIRTSCHAFT, DIGITALE WELT, VERBRAUCHERSCHUTZ<\/font><\/strong><br \/>\nWeil internationaler Handel die Grundlage unseres Wohlstandes ist und somit auch ein Garant f\u00fcr ein friedliches Miteinander ist.<\/p>\n<p>Weil ich wirtschaftliche Sanktionen f\u00fcr falsch halte und somit auch jede \u00dcbertragung von Souver\u00e4nit\u00e4ts- und Hoheitsrechte in Freihandelsabkommen auf Sonderschiedsgerichte ablehne.<\/p>\n<p>Weil ich NEIN zu TTIP, CETA und TISA sage. Weil ich f\u00fcr den Abbau der B\u00fcrokratie bin, staatliche Subventionen reduziert sehen m\u00f6chte und den Mittelstand gest\u00e4rkt sehen will.<\/p>\n<p>Weil ich f\u00fcr eine Modernisierung und St\u00e4rkung vom Verbraucherschutz bin. Weil ich gegen eine Privatisierung gegen den Willen der B\u00fcrger bin.<\/p>\n<p>Weil ich f\u00fcr eine soziale Marktwirtschaft statt Planwirtschaft bin.<\/p>\n<p><strong><font color=\"#d63c42\">FINANZEN UND STEUERN<\/font><\/strong><br \/>\nWeil ich eine umfassende Reform des Steuerrechts begr\u00fc\u00dfe.<\/p>\n<p>Weil ein einfacheres und gerechteres Steuersystem dringend n\u00f6tig ist um mit niedrigen Steuern vor allem Mittel- und Geringverdiener zu entlasten. Dazu geh\u00f6ren gerechte Steuern durch Stufentarife und eine Obergrenze f\u00fcr Steuern und Abgaben. Weil ich f\u00fcr die Wiedereinf\u00fchrung des Familiensplittings, Wahrung des Bankgeheimnisses, die planm\u00e4\u00dfige Tilgung der Staatsschulden und den uneingeschr\u00e4nkten Erhalt der Bargeldnutzung bin.<\/p>\n<p><strong><font color=\"#d63c42\">ENERGIEPOLITIK<\/font><\/strong><br \/>\nWeil die AfD  \u201eJA\u201c zum Umweltschutz sagt, aber ein \u201eNEIN\u201c, zur \u201eKlimaschutzpolitik.<\/p>\n<p>Weil eine erfolgreiche Energiepolitik drei Ziele verfolgen muss: sicher, kosteng\u00fcnstig und umweltvertr\u00e4glich. Weil der Irrweg der Klimaschutzpolitik beendet und die Umwelt gesch\u00fctzt werden muss.<\/p>\n<p>Weil die Energiesparverordnung und das Erneuerbare-Energien-W\u00e4rme Gesetz abgeschafft werden m\u00fcssen.<\/p>\n<p>Weil f\u00fcr die Bioenergie die Subventionen beendet und die Vorrangspeicherung eingestellt werden m\u00fcssen.<\/p>\n<p>Weil f\u00fcr die Kernenergie Alternativen erforscht werden m\u00fcssen und bis dahin eine Laufzeitverl\u00e4ngerung erfolgen muss. Weil f\u00fcr das Fracking Risiken und Chancen erforscht werden sollen, dies aber nicht ohne B\u00fcrgerbeteiligung.<\/p>\n<p><strong><font color=\"#d63c42\">NATUR UND UMWELT, LAND-UND FORSTWIRTSCHAFT<\/font><\/strong><br \/>\nWeil eine intakte und vielf\u00e4ltige Natur erhalten bleiben muss.<\/p>\n<p>Weil eine gesunde Umwelt die Lebensgrundlage f\u00fcr alle Menschen und zuk\u00fcnftige Generationen darstellt.<\/p>\n<p>Weil Naturschutz nicht zu Lasten der Menschen gehen darf. Daher:  Den unkontrollierten Ausbau der Windenergie stoppen, die Gentechnik streng kontrollieren,  die Saatgutvielfalt erhalten, der Landwirtschaft mehr Wettbewerb, aber weniger Subventionen erlauben. Die Fischerei, Forst und Jagd im Einklang mit der Natur belassen. Den Erhalt von Naturschutzzonen, in denen die Natur sich selbst \u00fcberlassen bleibt.<\/p>\n<p>Weil eine konsequente Umsetzung der Tierschutzgesetze n\u00f6tig ist.<\/p>\n<p><strong><font color=\"#d63c42\">INFRASTRUKTUR, WOHNEN UND VERKEHR<\/font><\/strong><br \/>\nWeil nach jahrelangen, substanzgef\u00e4hrdenden Einsparungen im Infrastrukturbereich ein massiver Investitionsstau eingetreten ist. Im Wesentlichen gilt dies f\u00fcr \u00d6ffentlich-rechtliche Projekte: Transparenz statt Lobbyismus, Substanzerhaltung im Stra\u00dfen- und Schienennetz, freie Nutzung der Verkehrsmittel ohne Schikanen. In der Wohnungspolitik muss das Baurecht vereinfacht werden, um dadurch entsprechenden neuen Wohnraum zu schaffen. Die l\u00e4ndlichen Regionen m\u00fcssen gest\u00e4rkt werden.<\/p>\n<p>Autor Uwe Melzer:<br \/>\n<img loading=\"lazy\" decoding=\"async\" src=\"https:\/\/www.rettung-fuer-deutschland.de\/grafik-wp-strich-rot-620x10.gif\" width=\"620\" height=\"10\" class=\"alignnone size-medium\" \/><br \/>\n<a href=\"https:\/\/rettung-fuer-deutschland.de\/blog\/?p=2493\"><img loading=\"lazy\" decoding=\"async\" src=\"https:\/\/www.rettung-fuer-deutschland.de\/foto-wp-rot-rot-gruen-der-tod-deutschlands-250x150.jpg\" width=\"250\" height=\"150\" class=\"alignright size-medium\" \/><\/a><strong>Bundestagswahl &#8211; Wahlhilfe: Rot-Rot-Gr\u00fcn oder der Tod Deutschlands?<\/strong> Dass sich Deutschland ver\u00e4ndert, merkt jeder, der hier \u201eschon l\u00e4nger wohnt\u201c. Wir alle werden gezwungen, etwas zu tun, was wir nicht wollen und schon gar nicht guthei\u00dfen. Inzwischen ist es soweit gekommen, das wir einerseits um unsere demokratischen Werte k\u00e4mpfen m\u00fcssen und laut Bundespr\u00e4sident sogar sollen, auf der anderen Seite aber sofort als minderwertiger Rechtspopulist bezeichnet werden, sollten wir es tun. <strong><a href=\"https:\/\/rettung-fuer-deutschland.de\/blog\/?p=2493\"><font color=\"#000080\">&#8230;. vollst\u00e4ndigen Presseartikel lesen bei WordPress<\/font><\/a><\/strong><br \/>\n<img loading=\"lazy\" decoding=\"async\" src=\"https:\/\/www.rettung-fuer-deutschland.de\/grafik-wp-strich-rot-620x10.gif\" width=\"620\" height=\"10\" class=\"alignnone size-medium\" \/><br \/>\n<a href=\"https:\/\/rettung-fuer-deutschland.de\/blog\/?p=1658\"><img loading=\"lazy\" decoding=\"async\" src=\"https:\/\/www.rettung-fuer-deutschland.de\/foto-wp-wahlen-bildungsplan-sexuelle-vielfalt-abwaehlen-620x173.jpg\" width=\"620\" height=\"173\" class=\"alignnone size-medium\" \/><\/a><br \/>\nAutor: Uwe Melzer &#8211; <strong>Presseartikel vom 07. M\u00e4rz 2016: Genderwahn &#038; Genderisierung, P\u00e4dophilie, f\u00fcr den Islam &#8211; Warum die GR\u00dcNEN &#038; Linke bei Landtagswahlen und Bundestagswahlen in Deutschland eigentlich nicht w\u00e4hlbar sind!<\/strong> Unabh\u00e4ngig von einer Fl\u00fcchtlingspolitik \u2013 ohne jegliche Kontrolle \u2013 und mit absolut offenen Grenzen \u2013 f\u00fcr die die GR\u00dcNEN stehen, weil Sie sich davon langfristig ein neues W\u00e4hlerpotential erhoffen \u2013 und dabei aber die reale Gefahr besteht, dass die sozialen Grundlagen in Deutschland gef\u00e4hrdet werden \u2013 setzen Sie sich f\u00fcr die Freigabe von Drogen ein, die Gleichsetzung des Islam mit dem Christentum und f\u00fcr eine sexuelle Straffreiheit f\u00fcr Inzest in Familien und von vereinzelten Gr\u00fcnen Mitglieder wurde in der Vergangenheit auch die Straffreiheit f\u00fcr P\u00e4dophilie gefordert. Dazu kommt die Genderisierung der Gesellschaft. <strong><a href=\"https:\/\/rettung-fuer-deutschland.de\/blog\/?p=1658\"><font color=\"#000080\">&#8230;&#8230; vollst\u00e4ndigen Presseartikel lesen bei WordPress<\/font><\/a><\/strong><br \/>\n<img loading=\"lazy\" decoding=\"async\" src=\"https:\/\/www.rettung-fuer-deutschland.de\/grafik-wp-strich-rot-620x10.gif\" width=\"620\" height=\"10\" class=\"alignnone size-medium\" \/><br \/>\n<a href=\"https:\/\/rettung-fuer-deutschland.de\/blog\/?p=3239\"><img loading=\"lazy\" decoding=\"async\" src=\"https:\/\/www.rettung-fuer-deutschland.de\/foto-wp-wahl-illegal-waehlen-stimmzettel-250x229.jpg\" width=\"250\" height=\"229\" class=\"alignright size-medium\" \/><\/a><strong>Bundestagswahl:<br \/>\nWie Ausl\u00e4nder, Migranten, Asylanten, Islamisten und Staatsfeinde illegal w\u00e4hlen k\u00f6nnen<\/strong> und per Briefwahl auch gew\u00e4hlt haben? Die Briefwahl macht&#8217;s m\u00f6glich: Ein Deutscher mit Wahlrecht vermittelt \u00fcber eine Internetseite sein Wahlrecht an einen Migranten, der bei uns eigentlich nicht w\u00e4hlen darf. <strong><a href=\"https:\/\/rettung-fuer-deutschland.de\/blog\/?p=3239\"><font color=\"#000080\">&#8230;.. vollst\u00e4ndigen Presseartikel lesen bei WordPress<\/font><\/a><\/strong><br \/>\n<img loading=\"lazy\" decoding=\"async\" src=\"https:\/\/www.rettung-fuer-deutschland.de\/grafik-wp-strich-rot-620x10.gif\" width=\"620\" height=\"10\" class=\"alignnone size-medium\" \/><\/p>\n<p><a href=\"https:\/\/rettung-fuer-deutschland.de\/blog\/?p=3049\"><img loading=\"lazy\" decoding=\"async\" src=\"https:\/\/www.rettung-fuer-deutschland.de\/foto-wir-schaffen-das-deutschland-zu-runieren-245x162.jpg\" width=\"245\" height=\"162\" class=\"alignright size-medium\" \/><\/a><strong>Wir schaffen das \u2026\u2026. Deutschland zu ruinieren!<\/strong><br \/>\nBei dem ber\u00fchmten Satz der Bundeskanzlerin von Deutschland Frau Dr. Angela Merkel \u201eWir schaffen das?\u201c fehlt allerdings der zweite Satzteil \u2026\u2026 Deutschland zu ruinieren! Das Problem ist, den Untergang von Deutschland aufzuhalten oder zu verhindern ist nicht mehr m\u00f6glich. <strong><a href=\"https:\/\/rettung-fuer-deutschland.de\/blog\/?p=3049\"><font color=\"#000080\">&#8230;. vollst\u00e4ndigen Presseartikel lesen<\/font><\/a><\/strong><\/p>\n<p><a href=\"https:\/\/www.rettung-fuer-deutschland.de\/download-liste-presseartikel-fluechtlingskrise-rfd-autor-uwe-melzer.pdf\"><img loading=\"lazy\" decoding=\"async\" src=\"https:\/\/www.rettung-fuer-deutschland.de\/foto-wp-fleuchtlingskrise-zivilisationt-droht-untergang-245x120.jpg\" width=\"245\" height=\"120\" class=\"alignright\" \/><\/a><strong>Liste von Presseartikel zum Thema Fl\u00fcchtlingskrise<\/strong> mit allen Internetlinks von Autor Uwe Melzer. Droht unserer europ\u00e4ischen Zivilisation und dem sozialen Frieden der Untergang, auch im Zusammenhang mit der Fl\u00fcchtlingskrise, oder schaffen wir das? <strong><a href=\"https:\/\/www.rettung-fuer-deutschland.de\/download-liste-presseartikel-fluechtlingskrise-rfd-autor-uwe-melzer.pdf\"><font color=\"#000080\">*** PDF-Download ***<\/font><\/a><\/strong><\/p>\n<p><a href=\"https:\/\/www.ichthys-consulting.de\/download-liste-presseartikel-islam-autor-uwe-melzer-wissen-agentur.pdf\"><img loading=\"lazy\" decoding=\"async\" src=\"https:\/\/www.ichthys-consulting.de\/foto-wp-islam-gefahr-fuer-deutschland-und-die-welt-245x120.jpg\" width=\"245\" height=\"120\" class=\"alignright\" \/><\/a><strong>Eine Auflistung aller Presseartikel von Autor Uwe Melzer \u00fcber den Islam<\/strong> mit allen Internetlinks erhalten Sie auch als kostenloses <strong><a href=\"https:\/\/www.wissen-agentur.de\/download-liste-presseartikel-islam-autor-uwe-melzer-wissen-agentur.pdf\"><font color=\"#000080\">PDF-Dokument.<\/font><\/a><\/strong><\/p>\n<p><strong>Mehr \u00fcber den Autor lesen Sie im Buch\/eBook mit dem Titel: <a href=\"https:\/\/www.50-erfolgsgrundlagen.de\/\"><font color=\"#000080\">&#8222;50 biblische Erfolgsgrundlagen im Gesch\u00e4ftsleben&#8220;<\/font><\/a>, erschienen im <a href=\"https:\/\/www.epubli.de\/shop\/autor\/Uwe-Melzer\/2518\"><font color=\"#000080\">epubli-Verlag unter Buch-ISBN: 978-3-8442-2969-1 und eBook\/ePUB-ISBN: 978-3-8442-0365-3.<\/font><\/a><\/strong><\/p>\n<p><a href=\"https:\/\/www.rettung-fuer-deutschland.de\"><img loading=\"lazy\" decoding=\"async\" src=\"https:\/\/www.rettung-fuer-deutschland.de\/grafik-wp-deutschlandflagge-am-mast-rfd-logo-280x140.jpg\" alt=\"\" width=\"280\" height=\"140\" class=\"alignleft\" \/><\/a><strong><a title=\"Rettung &#038; Vision f\u00fcr Deutschland\" href=\"https:\/\/www.rettung-fuer-deutschland.de\"><font color=\"#000080\">Rettung &#038; Vision f\u00fcr Deutschland<\/font><\/a><\/strong><br \/>E-Mail: <a href=\"mailto:rfd@rettung-fuer-deutschland.de\"><font color=\"#000080\">rfd@rettung-fuer-deutschland.de<\/font><\/a><br \/>Internet: <a href=\"https:\/\/www.rettung-fuer-deutschland.de\/\"><font color=\"#000080\">www.rettung-fuer-deutschland.de<\/font><\/a><\/p>\n<p><a href=\"https:\/\/twitter.com\/share\" class=\"twitter-share-button\" data-url=\"https:\/\/rettung-fuer-deutschland.de\/blog\/?p=3348\" data-text=\"#Bundestagswahl \u2013 #Wahlhilfe: Warum Sie die #AfD #w\u00e4hlen sollten!\" data-lang=\"de\">Twittern<\/a><script>!function(d,s,id){var js,fjs=d.getElementsByTagName(s)[0];if(!d.getElementById(id)){js=d.createElement(s);js.id=id;js.src=\"\/\/platform.twitter.com\/widgets.js\";fjs.parentNode.insertBefore(js,fjs);}}(document,\"script\",\"twitter-wjs\");<\/script> <script type=\"text\/javascript\" src=\"https:\/\/apis.google.com\/js\/plusone.js\"> {lang: 'de'} <\/script><g:plusone><\/g:plusone><\/p>\n<div id=\"fb-root\"><\/div>\n<p><script src=\"https:\/\/connect.facebook.net\/de_DE\/all.js#appId=1849770545241294&amp;xfbml=1\"><\/script><fb:like href=\"https:\/\/rettung-fuer-deutschland.de\/blog\/?p=3348\" send=\"true\" width=\"450\" show_faces=\"true\" font=\"arial\"><\/fb:like><\/p>\n","protected":false},"excerpt":{"rendered":"<p>Die Alternative f\u00fcr Deutschland (abgek\u00fcrzt AfD) ist eine 2013 in Berlin gegr\u00fcndete politische Partei in Deutschland. Bei der Europawahl 2014 gewann sie erstmals \u00fcberregionale Mandate und zog ab 2014 in 13 Landesparlamente ein. Warum Sie bei der Bundestagswahl 2017 die AfD w\u00e4hlen sollten! Weil die B\u00fcrger in der Politik mitbestimmen sollten. Weil ich f\u00fcr einen starken, unabh\u00e4ngigen, Staat bin. Weil ich mich auch in schwierigen Zeiten auf meine Politiker verlassen m\u00f6chte. Weil auch die Rente f\u00fcr mich ein ganz wichtiges Thema f\u00fcr die jetzigen und zuk\u00fcnftigen Generationen ist. Weil ich viel von Selbstverwaltung halte und mich nicht einer auferlegten Staatsverwaltung beugen will. Weil ich mit meiner Stimme ein Zeichen f\u00fcr Sicherheit erreichen m\u00f6chte und dass die abendl\u00e4ndische Kultur erhalten bleibt. Weil ich nicht mehr dem Einfluss der \u00f6ffentlich-rechtlichen Regierungspropagandasendern und ihren 3. Programmen und Privatsendern, sowie der Printl\u00fcgenpresse ausgeliefert werden will. Weil ich die Demokratie und unsere Grundwerte bewahrt sehen m\u00f6chte. Weil ich f\u00fcr direkte Demokratie, Gewaltenteilung, Rechtsstaatlichkeit und soziale Marktwirtschaft bin. Weil ich f\u00fcr F\u00f6deralismus bin und die Familienf\u00f6rderung unterst\u00fctze. Weil ich die gelebten Traditionen deutscher Kultur beibehalten m\u00f6chte. Weil ich die Mitbestimmung der B\u00fcrger st\u00e4rken und dadurch die Demokratie lebendiger machen m\u00f6chte. \u2026 vollst\u00e4ndigen Presseartikel lesen bei WordPress: https:\/\/rettung-fuer-deutschland.de\/blog\/?p=3348<\/p>\n","protected":false},"author":1,"featured_media":0,"comment_status":"open","ping_status":"open","sticky":false,"template":"","format":"standard","meta":{"footnotes":""},"categories":[1,19,751,2927,4,3,246,5],"tags":[3163,2467,3161,1215,13,1211,1937,20,27,799,57,34,1933,62,2531,35,3162,42,1468,3154],"class_list":["post-3348","post","type-post","status-publish","format-standard","hentry","category-allgemein","category-deutschland","category-finanzpolitik","category-fluechtlingskrise","category-gesellschaft","category-politik","category-religion","category-wirtschaft","tag-abendlaendische","tag-afd","tag-alternative","tag-bundestagswahl","tag-burger","tag-demokratie","tag-deutschland","tag-fur","tag-grundwerte","tag-kultur","tag-mitbestimmung","tag-partei","tag-politik","tag-politische","tag-rechtsstaatlichkeit","tag-rente","tag-sicherheit","tag-staat","tag-waehlen","tag-wahlhilfe"],"_links":{"self":[{"href":"https:\/\/rettung-fuer-deutschland.de\/blog\/wp-json\/wp\/v2\/posts\/3348","targetHints":{"allow":["GET"]}}],"collection":[{"href":"https:\/\/rettung-fuer-deutschland.de\/blog\/wp-json\/wp\/v2\/posts"}],"about":[{"href":"https:\/\/rettung-fuer-deutschland.de\/blog\/wp-json\/wp\/v2\/types\/post"}],"author":[{"embeddable":true,"href":"https:\/\/rettung-fuer-deutschland.de\/blog\/wp-json\/wp\/v2\/users\/1"}],"replies":[{"embeddable":true,"href":"https:\/\/rettung-fuer-deutschland.de\/blog\/wp-json\/wp\/v2\/comments?post=3348"}],"version-history":[{"count":0,"href":"https:\/\/rettung-fuer-deutschland.de\/blog\/wp-json\/wp\/v2\/posts\/3348\/revisions"}],"wp:attachment":[{"href":"https:\/\/rettung-fuer-deutschland.de\/blog\/wp-json\/wp\/v2\/media?parent=3348"}],"wp:term":[{"taxonomy":"category","embeddable":true,"href":"https:\/\/rettung-fuer-deutschland.de\/blog\/wp-json\/wp\/v2\/categories?post=3348"},{"taxonomy":"post_tag","embeddable":true,"href":"https:\/\/rettung-fuer-deutschland.de\/blog\/wp-json\/wp\/v2\/tags?post=3348"}],"curies":[{"name":"wp","href":"https:\/\/api.w.org\/{rel}","templated":true}]}}