{"id":3598,"date":"2017-11-24T22:01:18","date_gmt":"2017-11-24T21:01:18","guid":{"rendered":"https:\/\/rettung-fuer-deutschland.de\/blog\/?p=3598"},"modified":"2017-11-24T22:01:18","modified_gmt":"2017-11-24T21:01:18","slug":"was-ist-der-islam-zitat-fuer-alle-linken-gruenen-und-sogenannten-gutmenschen-von-karl-marx","status":"publish","type":"post","link":"https:\/\/rettung-fuer-deutschland.de\/blog\/was-ist-der-islam-zitat-fuer-alle-linken-gruenen-und-sogenannten-gutmenschen-von-karl-marx\/","title":{"rendered":"Was ist der Islam? Zitat f\u00fcr alle Linken, Gr\u00fcnen und sogenannten &#8222;Gutmenschen&#8220; von Karl Marx"},"content":{"rendered":"<p><a href=\"https:\/\/rettung-fuer-deutschland.de\/blog\/?p=3598\"><img loading=\"lazy\" decoding=\"async\" src=\"https:\/\/www.rettung-fuer-deutschland.de\/foto-wp-islam-zitat-karl-marx-620x364.jpg\" width=\"620\" height=\"364\" class=\"alignnone size-medium\" \/><\/a><\/p>\n<h3><strong><em>\u201eDer Koran und die auf ihm fu\u00dfende muselmanische Gesetzgebung reduzieren Geographie und Ethnographie der verschiedenen V\u00f6lker auf die einfache und bequeme Zweiteilung in Gl\u00e4ubige und Ungl\u00e4ubige. Der Ungl\u00e4ubige ist &#8218;harby&#8216;, d.h. der Feind. Der Islam \u00e4chtet die Nation der Ungl\u00e4ubigen und schafft einen Zustand permanenter Feindschaft zwischen Muselmanen und Ungl\u00e4ubigen.\u201c<\/em><\/strong><\/h3>\n<p> (Zitat von Karl Marx)<\/p>\n<p><img loading=\"lazy\" decoding=\"async\" src=\"https:\/\/www.rettung-fuer-deutschland.de\/grafik-wp-strich-rot-620x10.gif\" width=\"620\" height=\"10\" class=\"alignnone size-medium\" \/><br \/>\n<strong <strong><a href=\"https:\/\/rettung-fuer-deutschland.de\/blog\/?p=2748\"rel=\"noopener\" target=\"_blank\" ><font color=\"#000080\">Die Welt hat nur ein einziges Problem \u2013 DEN ISLAM!<\/font><\/a><\/strong><br \/>\n<a href=\"https:\/\/rettung-fuer-deutschland.de\/blog\/?p=2748\" rel=\"noopener\" target=\"_blank\"><img loading=\"lazy\" decoding=\"async\" src=\"https:\/\/www.rettung-fuer-deutschland.de\/foto-wp-welt-hat-nur-ein-problem-islam-250x234.jpg\" width=\"250\" height=\"234\" class=\"alignright size-medium\" \/><\/a><strong><font color=\"#d63c42\">\u2022 <\/font><\/strong>F\u00fcr Deutschland muss ein generelles Islam Verbot eingef\u00fchrt werden.<br \/>\n<strong><font color=\"#d63c42\">\u2022 <\/font><\/strong>Der Islam ist keine Religion, sondern eine islamische Staatsdiktatur.<br \/>\n<strong><font color=\"#d63c42\">\u2022 <\/font><\/strong>Der Islam beinhaltet staatliche Elemente der Justiz mit der Scharia.<br \/>\n<strong><font color=\"#d63c42\">\u2022 <\/font><\/strong>Der Islam fordert f\u00fcr seine Verbreitung Gewalt, Mord und Krieg.<br \/>\n<strong><font color=\"#d63c42\">\u2022 <\/font><\/strong>Der Islam ist deswegen keine Religion. sondern eine Staatsform.<br \/>\n<strong><font color=\"#d63c42\">\u2022 <\/font><\/strong>Der Islam ist mit dem Grundgesetz der Bundesrepublik Deutschland und der EU nicht vereinbar.<br \/>\n<strong><font color=\"#d63c42\">\u2022 <\/font><\/strong>Der Islam ist eine Staatsform die eine freie Gesellschaft nicht dulden kann.<br \/>\n<strong><font color=\"#d63c42\">\u2022 <\/font><\/strong>Muslime, die an der Staatsform und der Scharia des Islam festhalten und diese aktiv aus\u00fcben, m\u00fcssen aus Deutschland und der EU ausgewiesen werden.<br \/>\n<strong><font color=\"#d63c42\">\u2022 <\/font><\/strong>Der Islam ist auch hauptverantwortlich f\u00fcr die weltweite Fl\u00fcchtlingskrise!<br \/>\n<strong><font color=\"#d63c42\">\u2022 <\/font><\/strong>Wenn wir das politisch in Deutschland und Europa nicht schaffen, dann <strong><a href=\"https:\/\/rettung-fuer-deutschland.de\/blog\/?p=3434\" rel=\"noopener\" target=\"_blank\"><font color=\"#000080\">ernten wir B\u00fcrgerkrieg<\/font><\/a><\/strong>.<br \/>\n<img loading=\"lazy\" decoding=\"async\" src=\"https:\/\/www.rettung-fuer-deutschland.de\/grafik-wp-strich-rot-620x10.gif\" width=\"620\" height=\"10\" class=\"alignnone size-medium\" \/><\/p>\n<p><a href=\"https:\/\/www.rettung-fuer-deutschland.de\/download-liste-presseartikel-islam-autor-uwe-melzer-wissen-agentur.pdf\" rel=\"noopener\" target=\"_blank\"><img loading=\"lazy\" decoding=\"async\" src=\"https:\/\/www.ichthys-consulting.de\/foto-wp-islam-gefahr-fuer-deutschland-und-die-welt-245x120.jpg\" width=\"245\" height=\"120\" class=\"alignright\" \/><\/a>Sie k\u00f6nnen das Alles nachlesen mit Details und den entsprechenden Schriftstellen \/ Suren im Koran in diesem <strong><a href=\"https:\/\/www.rettung-fuer-deutschland.de\/download-liste-presseartikel-islam-autor-uwe-melzer-wissen-agentur.pdf\" rel=\"noopener\" target=\"_blank\"><font color=\"#000080\">PDF-Download mit Links zu allen Presseartikeln<\/font><\/a><\/strong> \u00fcber den Islam von <strong><a href=\"https:\/\/www.rettung-fuer-deutschland.de\/\" rel=\"noopener\" target=\"_blank\"><font color=\"#000080\">RfD Rettung f\u00fcr Deutschland<\/font><\/a><\/strong>.<\/p>\n<p><strong>Mehr \u00fcber den Autor lesen Sie im Buch\/eBook mit dem Titel: <a href=\"https:\/\/www.50-erfolgsgrundlagen.de\/\"><font color=\"#000080\">&#8222;50 biblische Erfolgsgrundlagen im Gesch\u00e4ftsleben&#8220;<\/font><\/a>, erschienen im <a href=\"https:\/\/www.epubli.de\/shop\/autor\/Uwe-Melzer\/2518\"><font color=\"#000080\">epubli-Verlag unter Buch-ISBN: 978-3-8442-2969-1 und eBook\/ePUB-ISBN: 978-3-8442-0365-3.<\/font><\/a><\/strong><\/p>\n<p><a href=\"https:\/\/www.rettung-fuer-deutschland.de\"><img loading=\"lazy\" decoding=\"async\" src=\"https:\/\/www.rettung-fuer-deutschland.de\/grafik-wp-deutschlandflagge-am-mast-rfd-logo-280x140.jpg\" alt=\"\" width=\"280\" height=\"140\" class=\"alignleft\" \/><\/a><strong><a title=\"Rettung &#038; Vision f\u00fcr Deutschland\" href=\"https:\/\/www.rettung-fuer-deutschland.de\"><font color=\"#000080\">Rettung &#038; Vision f\u00fcr Deutschland<\/font><\/a><\/strong><br \/>E-Mail: <a href=\"mailto:rfd@rettung-fuer-deutschland.de\"><font color=\"#000080\">rfd@rettung-fuer-deutschland.de<\/font><\/a><br \/>Internet: <a href=\"https:\/\/www.rettung-fuer-deutschland.de\/\"><font color=\"#000080\">www.rettung-fuer-deutschland.de<\/font><\/a><\/p>\n<p><a href=\"https:\/\/twitter.com\/share\" class=\"twitter-share-button\" data-url=\"https:\/\/rettung-fuer-deutschland.de\/blog\/?p=3598\" data-text=\"Was ist der #Islam? #Zitat f\u00fcr alle #Linken, #Gr\u00fcnen und sogenannten #Gutmenschen von #Karl #Marx:\" data-lang=\"de\">Twittern<\/a><script>!function(d,s,id){var js,fjs=d.getElementsByTagName(s)[0];if(!d.getElementById(id)){js=d.createElement(s);js.id=id;js.src=\"\/\/platform.twitter.com\/widgets.js\";fjs.parentNode.insertBefore(js,fjs);}}(document,\"script\",\"twitter-wjs\");<\/script> <script type=\"text\/javascript\" src=\"https:\/\/apis.google.com\/js\/plusone.js\"> {lang: 'de'} <\/script><g:plusone><\/g:plusone><\/p>\n<div id=\"fb-root\"><\/div>\n<p><script src=\"https:\/\/connect.facebook.net\/de_DE\/all.js#appId=1849770545241294&amp;xfbml=1\"><\/script><fb:like href=\"https:\/\/rettung-fuer-deutschland.de\/blog\/?p=3598\" send=\"true\" width=\"450\" show_faces=\"true\" font=\"arial\"><\/fb:like><\/p>\n","protected":false},"excerpt":{"rendered":"<p>\u201eDer Koran und die auf ihm fu\u00dfende muselmanische Gesetzgebung reduzieren Geographie und Ethnographie der verschiedenen V\u00f6lker auf die einfache und bequeme Zweiteilung in Gl\u00e4ubige und Ungl\u00e4ubige. Der Ungl\u00e4ubige ist &#8218;harby&#8216;, d.h. der Feind. Der Islam \u00e4chtet die Nation der Ungl\u00e4ubigen und schafft einen Zustand permanenter Feindschaft zwischen Muselmanen und Ungl\u00e4ubigen.\u201c (Zitat Karl Marx) &#8211; Die Welt hat nur ein einziges Problem \u2013 DEN ISLAM! &#8211; \u2026 vollst\u00e4ndigen Presseartikel lesen bei WordPress: https:\/\/rettung-fuer-deutschland.de\/blog\/?p=3598<\/p>\n","protected":false},"author":1,"featured_media":0,"comment_status":"open","ping_status":"open","sticky":false,"template":"","format":"standard","meta":{"footnotes":""},"categories":[1,19,2927,4,1718,3,246],"tags":[1310,3248,3243,861,319,2938,3245,791,3241,793,409,3242,3249,3247,1940,1581,834,934,3246,3244],"class_list":["post-3598","post","type-post","status-publish","format-standard","hentry","category-allgemein","category-deutschland","category-fluechtlingskrise","category-gesellschaft","category-islam","category-politik","category-religion","tag-feind","tag-feindschaft","tag-gesetzgebung","tag-glaubige","tag-grunen","tag-gutmenschen","tag-harby","tag-islam","tag-karl","tag-koran","tag-linken","tag-marx","tag-muselmanen","tag-permanenter","tag-religion","tag-unglaeubige","tag-unglaubigen","tag-zitat","tag-zustand","tag-zweiteilung"],"_links":{"self":[{"href":"https:\/\/rettung-fuer-deutschland.de\/blog\/wp-json\/wp\/v2\/posts\/3598","targetHints":{"allow":["GET"]}}],"collection":[{"href":"https:\/\/rettung-fuer-deutschland.de\/blog\/wp-json\/wp\/v2\/posts"}],"about":[{"href":"https:\/\/rettung-fuer-deutschland.de\/blog\/wp-json\/wp\/v2\/types\/post"}],"author":[{"embeddable":true,"href":"https:\/\/rettung-fuer-deutschland.de\/blog\/wp-json\/wp\/v2\/users\/1"}],"replies":[{"embeddable":true,"href":"https:\/\/rettung-fuer-deutschland.de\/blog\/wp-json\/wp\/v2\/comments?post=3598"}],"version-history":[{"count":0,"href":"https:\/\/rettung-fuer-deutschland.de\/blog\/wp-json\/wp\/v2\/posts\/3598\/revisions"}],"wp:attachment":[{"href":"https:\/\/rettung-fuer-deutschland.de\/blog\/wp-json\/wp\/v2\/media?parent=3598"}],"wp:term":[{"taxonomy":"category","embeddable":true,"href":"https:\/\/rettung-fuer-deutschland.de\/blog\/wp-json\/wp\/v2\/categories?post=3598"},{"taxonomy":"post_tag","embeddable":true,"href":"https:\/\/rettung-fuer-deutschland.de\/blog\/wp-json\/wp\/v2\/tags?post=3598"}],"curies":[{"name":"wp","href":"https:\/\/api.w.org\/{rel}","templated":true}]}}