{"id":5147,"date":"2018-11-17T13:22:47","date_gmt":"2018-11-17T12:22:47","guid":{"rendered":"https:\/\/rettung-fuer-deutschland.de\/blog\/?p=5147"},"modified":"2018-11-17T13:37:47","modified_gmt":"2018-11-17T12:37:47","slug":"der-globale-migrationspakt-zeigt-in-einem-un-dokument-die-geplante-migrationsflutung-nach-europa-auch-deshalb-nein","status":"publish","type":"post","link":"https:\/\/rettung-fuer-deutschland.de\/blog\/der-globale-migrationspakt-zeigt-in-einem-un-dokument-die-geplante-migrationsflutung-nach-europa-auch-deshalb-nein\/","title":{"rendered":"Der globale Migrationspakt zeigt in einem UN-Dokument die geplante Migrationsflutung nach Europa! \u2013 Auch deshalb NEIN"},"content":{"rendered":"<p><a href=\"https:\/\/rettung-fuer-deutschland.de\/blog\/?p=5147\"><img loading=\"lazy\" decoding=\"async\" src=\"https:\/\/www.rettung-fuer-deutschland.de\/foto-wp-migrationspakt-uno-migrationsflut-titelbild-620x327.jpg\" width=\"620\" height=\"327\" class=\"alignnone size-medium\" \/><\/a><\/p>\n<h2><strong>Eine Studie \u00fcber Migration f\u00fcr die EU zeigt die geplante Zukunft des europ\u00e4ischen Kontinents auf.<\/strong><\/h2>\n<p><strong>Das Dokument ist der Ansicht, dass Europa die Gr\u00f6\u00dfe und Kapazit\u00e4t f\u00fcr 4 Milliarden Menschen besitzt, das ist mehr als die H\u00e4lfte der <a href=\"https:\/\/www.br.de\/themen\/wissen\/weltbevoelkerung-bevoelkerungswachstum-menschen-erde-welt-100.html\" rel=\"noopener\" target=\"_blank\"><font color=\"#000080\">Weltbev\u00f6lkerung 2018<\/font><\/a>.<\/strong><\/p>\n<p><a href=\"https:\/\/rettung-fuer-deutschland.de\/blog\/?p=5147\"><img loading=\"lazy\" decoding=\"async\" src=\"https:\/\/www.rettung-fuer-deutschland.de\/grafik-wp-un-migrationspakt-01-tabelle-europa-620x625.jpg\" width=\"620\" height=\"625\" class=\"alignnone size-medium\" \/><\/a><\/p>\n<p>In dem Dokument ist zu lesen, dass Griechenland in Zukunft von 120 Millionen Menschen bewohnt wird. Angegeben sind die Gr\u00f6\u00dfe des Landes und die Kapazit\u00e4t an Menschen, die auf dem Gebiet angesiedelt werden k\u00f6nnten.<\/p>\n<p><a href=\"https:\/\/rettung-fuer-deutschland.de\/blog\/?p=5147\"><img loading=\"lazy\" decoding=\"async\" src=\"https:\/\/www.rettung-fuer-deutschland.de\/grafik-wp-un-migrationspakt-02-grafik-weltbevoelkerung-entwicklung-620x357.jpg\" width=\"620\" height=\"357\" class=\"alignnone size-medium\" \/><\/a><\/p>\n<p><strong>Daher sollten die USA in der Lage sein, rund 8 Milliarden Menschen aufzunehmen, wobei die gesamte Weltbev\u00f6lkerung von heute doppelt so gro\u00df ist wie die EU \u2013 das bedeutet, dass die UN voraussichtlich bald 100 Milliarden gl\u00fcckliche, friedliche Menschen mit niedriger Intelligenz haben wird, die alle gleich sind und alles kostenlos bekommen.<\/strong><\/p>\n<p>Aber wieso ist das UN-Dokument \u00fcber die Zukunft Europas so wichtig und was sagt es eigentlich aus?<\/p>\n<p><strong>Wie viel Quadratmeter steht einem Vertreter unserer Art laut dem Papier zuk\u00fcnftig in Europa zur Verf\u00fcgung?<\/strong><br \/>\n(\u201ep c c a d t\u201c + \u201ePopulation\u201c) \/ \u201earea\u201c = 1000 also thereshold.<\/p>\n<p><strong>F\u00fcr Portugal ergibt sich z.B.:<\/strong><br \/>\n10.599.095 + 81.472.905 = 92.072.000 \/ area 92.072 = 1.000<\/p>\n<p><strong>F\u00fcr gesamt Europa:<\/strong><br \/>\n495.270.075 + 3.833.702.925 = 4.328.973.000 \/ area 4.328.973 = 1000<\/p>\n<p><strong>Jedem Bewohner steht zuk\u00fcnftig also eine Fl\u00e4che von 31x31m zu, das d\u00fcrfte f\u00fcr eine H\u00fctte und ein Kr\u00e4uterg\u00e4rtchen ausreichen.<\/strong><\/p>\n<p>Zeitgleich erscheinen aktuell zunehmend sogenannte <strong><em>\u201eMinih\u00e4user\u201c<\/em><\/strong> oder <strong><em>\u201eMiniwaben\u201c<\/em><\/strong> in den Nachrichten, deren Konstruktion in den letzten Jahren erforscht wurde. Wie Arbeitsbienen oder Rindviecher soll die zuk\u00fcnftige westliche Bev\u00f6lkerung auf engstem Raum leben, um die ma\u00dflos Gier der philantrosophischen Machtelite weiterhin zu finanzieren.<\/p>\n<p><a href=\"https:\/\/rettung-fuer-deutschland.de\/blog\/?p=5147\"><img loading=\"lazy\" decoding=\"async\" src=\"https:\/\/www.rettung-fuer-deutschland.de\/foto-wp-un-migrationspakt-03-wohnen-620x545.jpg\" width=\"620\" height=\"545\" class=\"alignnone size-medium\" \/><\/a><\/p>\n<p>Berechnet man Agrarfl\u00e4che f\u00fcr den landwirtschaftlichen Anbau und die vergangene Stadtentwicklung mit ein, d\u00fcrfte jedem Menschen zuk\u00fcnftig in Europa keine 31x31m mit Balk\u00f6nchen und Kr\u00e4uterg\u00e4rtchen, als vielmehr maximal 25 Quadratmeter Grundfl\u00e4che, aufeinandergestapelt in Megast\u00e4dten, zustehen.<\/p>\n<p><a href=\"https:\/\/rettung-fuer-deutschland.de\/blog\/?p=5147\"><img loading=\"lazy\" decoding=\"async\" src=\"https:\/\/www.rettung-fuer-deutschland.de\/foto-wp-un-migrationspakt-06-wohnen-620x223.jpg\" width=\"620\" height=\"223\" class=\"alignnone size-medium\" \/><\/a><\/p>\n<p><strong>F\u00fcr eine Einzelzelle ist diese Konstruktion noch gro\u00dfz\u00fcgig.<\/strong><br \/>\nBesonders Artgerecht und auf die individuellen Bed\u00fcrfnisse abgestimmt, ist diese Bodenhaltung auf die W\u00fcnsche und Gef\u00fchle der linksgr\u00fcnen W\u00e4hler und Bef\u00fcrworter einer kommunistischen Politik abgestimmt. Denn es steht dem Homo sapiens frei, verschiedene sexuelle Aktivit\u00e4ten mit routinierenden Geschlechtspartnern aller Identit\u00e4ten, kultureller Ethnien, Altersstufen und k\u00f6rperlicher Beschaffenheit mit ihrem Handy zu filmen und auf diverse Kan\u00e4le hochzuladen.<\/p>\n<p><strong>Der Mensch ist ein Gewohnheitstier und gew\u00f6hnt sich an &#8222;ALLES&#8220;.<\/strong><br \/>\nBadezimmer und K\u00fcchen sind in den Wohnlandschaften der Zukunft nicht mit einberechnet, gefressen wir zuk\u00fcnftig in der kostenlosen Kantine, w\u00e4hrend Gemeinschaftsbadezimmer f\u00fcr die rudiment\u00e4re Hygiene dienen.<\/p>\n<p><strong>Der Umweltbelastende Co2-Aussto\u00df wird durch diese luftleeren K\u00e4fige auch \u00fcberfl\u00fcssig,<\/strong><br \/>\nda gem\u00fctlich zu Fu\u00df zur n\u00e4chsten Industriehalle marschiert werden kann. Die Mieten f\u00fcr eine Menschenbox werden sich zuk\u00fcnftig auch mit ca. 1.500 Euro im Monat im Rahmen des M\u00f6glichen bewegen, Hauptsache das Essen steht abends auf dem Kantinentisch. Bei einer Aufstockung der t\u00e4glichen Arbeitsstunden bei niedrigerem Gehalt und einer allgemeinen Erh\u00f6hung der Steuern ergibt sich nach vollendeter linksliberalen Weltordnung dann noch ein mageres Einkommen, welches dir erlaubt, einen Dildo in der Farbe und Form deiner Wahl zu besitzen.<\/p>\n<p><strong>Die v\u00f6llige Freiheit, Toleranz, Gleichheit und Gleichstellung wurden somit erreicht: Gl\u00fcckseligkeit im Endzustand, dank der neuen Weltordnung der UN!<\/strong><\/p>\n<h2><strong>Intelligenzquotient kurz erkl\u00e4rt, weil viele Menschen gar nicht mehr verstehen, was Ihnen die Politik da weltweit vorsetzt.<\/strong><\/h2>\n<p><strong>Leider ist es so, dass die Intelligenz in der deutschen Bev\u00f6lkerung r\u00fcckl\u00e4ufig ist.<\/strong><\/p>\n<p><strong>Gr\u00fcnde daf\u00fcr gibt es viele.<\/strong><\/p>\n<p><strong>1.<\/strong> Moderne Technik Fernsehen, statt ein Buch zu lesen, Videospiele statt kreativ selbst mit anderen, vor allem im Freien zu spielen. Smartphone tippen, statt echte Gespr\u00e4che mit echten Menschen zu f\u00fchren usw.<\/p>\n<p><strong>2.<\/strong> Unser Schulsystem ist total veraltet und unterrichtet keine neuen digitalen Techniken und kreative Gruppenarbeiten zu Probleml\u00f6sungen.<\/p>\n<p><strong>3.<\/strong> Die Leistungsf\u00e4higkeit der Kinder in den Schulen ist rapide gesunken, weil unter anderem Migranten &amp; Asylanten, die noch nicht mal richtig Deutsch k\u00f6nnen unterrichtet werden m\u00fcssen und der Klassendurchschnitt an die Leistung der Sch\u00fcler angeglichen wird. Bedeutet, die Sch\u00fcler werden immer D\u00fcmmer. Tests haben schon vor Jahren ergeben, dass Abiturienten, Mittlere Reife Sch\u00fcler und Hauptsch\u00fcler nicht mehr in der Lage sind Ihre jeweiligen Pr\u00fcfungsaufgaben vor 10 Jahren zu l\u00f6sen. Bei Massentest sind 90 % aller Sch\u00fcler durchgefallen.<\/p>\n<p>Deswegen haben viele Menschen in Deutschland gro\u00dfe Probleme die Bedeutung von zum Beispiel politischen oder UN-Dokumenten zu erkennen oder zu verstehen. Die meisten von ihnen haben offensichtlich ein Problem mit dem Analysieren von Infografiken sowie dem Besprechen wichtiger Dinge. Das ist bei einem IQ von 110 Punkten auch schwierig bzw. nicht m\u00f6glich.<\/p>\n<p><strong>100 IQ-Punkte sind der durchschnittliche Messwert<\/strong> weiterentwickelter St\u00e4mme unserer Art. Der durchschnittlich globale IQ liegt unter Einberechnung der Goldst\u00fccke aus den Bildungsl\u00e4ndern wie Afrika und diversen muslimische Staaten bei 85 IQ-Punkten. Aktuell ist die herrschende Elite daran interessiert, ihn weiter auf 75 IQ \u2013 Punkte abzusenken.<\/p>\n<p><strong>Etwa 105 Punkte sind notwendig, um rudiment\u00e4res Bankwesen<\/strong> (die Art und Weise, wie man von den weniger hoch entwickelten Angeh\u00f6rigen der Art profitiert) zu verstehen. 115 IQ Punkte sind notwendig, um den bekannten Teil der Themenlandschaft \u00d6kologie, Biologie und Physik zu begreifen.<\/p>\n<p><strong>Mit 125 IQ-Punkten kann das Bewusstsein als Nebeneffekt der Neurologie ergr\u00fcndet werden,<\/strong> was immerhin eine umgekehrt assoziative Denkweise erm\u00f6glicht. Weniger als ein Prozent der Menschen ist sogar dazu in der Lage, mit einem IQ von 145 dar\u00fcber hinaus zu denken.<\/p>\n<p><em>Quelle: Quelle: SKB NEWS<\/em> &#8211; EIN MAINSTREAMUNABH\u00c4NGIGER NACHRICHTEN -UND INFORMATIONSKANAL \u2013 HERAUSGEBERIN: GABY KRAAL<\/p>\n<p><a href=\"https:\/\/m.kopp-verlag.de\/Das-Maerchen-vom-reichen-Land.htm?websale8=kopp-verlag.50-aa&#038;pi=A5140438\" rel=\"noopener\" target=\"_blank\"><img loading=\"lazy\" decoding=\"async\" src=\"https:\/\/www.rettung-fuer-deutschland.de\/foto-wp-un-migrationspakt-09-buch-maerchen-reiches-deutschland-250x354.jpg\" width=\"250\" height=\"354\" class=\"alignright size-medium\" \/><\/a><strong>Das M\u00e4rchen vom reichen Land &#8211; Wie die Politik uns ruiniert<\/strong><br \/>\nAutor: Daniel Stelter, Verlag: FinanzBuch Verlag, Artikelnummer: A5140438, Preis: 22,99 \u20ac, ISBN-13: 9783959721530<\/p>\n<p><strong>Mehr zum Inhalt &#8211; Das M\u00e4rchen vom reichen Land<\/strong><br \/>\nWir leben in Deutschland in der scheinbar besten aller Welten, doch schon bald werden wir feststellen, dass wir nicht das reiche Land sind, das uns Medien und Politik glauben machen wollen. Denn der Boom der hiesigen Wirtschaft ist nicht unser Verdienst, sondern in erster Linie eine Folge der tiefen Zinsen, des schwachen Euro und des Verschuldungsexzesses im Rest der Welt. Um unseren Wohlstand zu sichern, m\u00fcssten die regierenden Politiker den aktuellen Aufschwung nutzen, um in Infrastruktur, Bildung und Digitalisierung und somit in die Zukunft des Landes zu investieren. Doch stattdessen werfen sie das Geld f\u00fcr h\u00f6here Renten und Sozialausgaben zum Fenster raus. In seinem neuen Buch zeigt Daniel Stelter, einer der klarsten und profiliertesten Denker in Sachen \u00d6konomie: Wenn wir weitermachen wie bisher, wird nicht nur unsere Wirtschaftskraft in den kommenden Jahren rapide sinken, sondern nachfolgende Generationen werden die finanziellen Lasten, die uns heutige Politiker aufb\u00fcrden, nicht stemmen k\u00f6nnen. Es droht der volkswirtschaftliche Kollaps. Doch der Bestsellerautor entlarvt nicht nur das M\u00e4rchen vom &#8222;reichen Land&#8220; als eben solches, er zeigt auch konkrete Wege auf, wie wir dem Albtraumszenario entgehen k\u00f6nnen.<\/p>\n<p><font color=\"#d63c42\"><em>Presseartikel zu diesem Thema von Autor Uwe Melzer:<\/em><\/font><br \/>\n<a href=\"https:\/\/rettung-fuer-deutschland.de\/blog\/?p=2037\" rel=\"noopener\" target=\"_blank\"><img loading=\"lazy\" decoding=\"async\" src=\"https:\/\/www.rettung-fuer-deutschland.de\/foto-wp-14-gruende-warum-deutschland-am-abgrund-leb-250x177.jpg\" width=\"250\" height=\"177\" class=\"alignright size-medium\" \/><\/a><strong>14 Gr\u00fcnde und mehr warum die Bundesrepublik Deutschland finanziell am Abgrund lebt!<\/strong> F\u00fcr viele ist Deutschland eines der reichsten und wirtschaftlich erfolgreichsten L\u00e4nder. Doch der Schein tr\u00fcgt: In Wirklichkeit sind wir gerade noch die Besten von den Schlechtesten. Das Land steht am Abgrund.<br \/>\n<strong>Grund 01:<\/strong> Die Staatsschulden sind viel h\u00f6her, als offiziell verk\u00fcndet<br \/>\n<strong>Grund 02:<\/strong> Deutschland hat bereits die h\u00f6chsten Schulden in der EU<br \/>\n<strong>Grund 03:<\/strong> Die EU kostet Deutschland viel mehr als sie uns bringt<br \/>\n<strong>Grund 04:<\/strong> Die Gesamtverschuldung ist so hoch wie noch nie<br \/>\n<strong>Grund 05:<\/strong> Der Finanzsektor steht am Abgrund<br \/>\n<strong>Grund 06:<\/strong> Das Wirtschaftswachstum ist viel zu niedrig<br \/>\n<strong>Grund 07:<\/strong> Die Verarmung der Bev\u00f6lkerung nimmt immer mehr zu<br \/>\n<strong>Grund 08:<\/strong> Die Fl\u00fcchtlingskosten explodieren<br \/>\n<strong>Grund 09:<\/strong> Deutschland wird immer \u201eunsicherer\u201c<br \/>\n<strong>Grund 10:<\/strong> Einige Bundesl\u00e4nder stehen bereits vor dem Bankrott<br \/>\n<strong>Grund 11:<\/strong> Die Mittelschicht stirbt<br \/>\n<strong>Grund 12:<\/strong> Eine alternde Gesellschaft und zu geringe Geburtenrate<br \/>\n<strong>Grund 13:<\/strong> Wir haben ein v\u00f6llig falsches Steuersystem<br \/>\n<strong>Grund 14:<\/strong> F\u00fcr Pensionszahlungen und Rentenzusch\u00fcsse gibt es keine ausreichenden R\u00fccklagen. So \u00fcbel sehen die deutschen Finanzen wirklich aus. Nach Aussagen des Finanzministeriums droht Deutschland ein extremes Risiko der Schulden. Eigentlich h\u00e4tte schon fr\u00fchzeitiger dagegen gesteuert werden. Alle Details und Informationen lesen Sie im <strong><a href=\"https:\/\/rettung-fuer-deutschland.de\/blog\/?p=2037\" rel=\"noopener\" target=\"_blank\"><font color=\"#000080\">vollst\u00e4ndigen Presseartikel bei WordPress<\/font><\/a><\/strong><\/p>\n<p><img loading=\"lazy\" decoding=\"async\" src=\"https:\/\/www.rettung-fuer-deutschland.de\/grafik-wp-strich-rot-620x10.gif\" width=\"620\" height=\"10\" class=\"alignnone size-medium\" \/><br \/>\n<font color=\"#d63c42\"><em>Bereits am 18. Juli 2017 hat der Autor Uwe Melzer mit dem folgenden Pressebericht auf die UN-Grundlage f\u00fcr die Migrationspolitik der Merkel-Regierung hingewiesen. Dieser Presseartikel beinhaltet auch den PDF-Download eines UN-Berichts, der f\u00fcr <strong>Deutschland 24 Millionen Migranten<\/strong> vorsieht, nur damit unsere Sozialsysteme gest\u00fctzt werden. Hier ein Auszug davon:<\/em><\/font><br \/>\n<strong>Abteilung Bev\u00f6lkerungsfragen Vereinte Nationen &#8211; BESTANDSERHALTUNGSMIGRATION: EINE L\u00d6SUNG F\u00dcR ABNEHMENDE UND ALTERNDE BEV\u00d6LKERUNGEN?<\/strong><br \/>\nIn Szenario IV, das darauf abzielt, die Bev\u00f6lkerung im erwerbsf\u00e4higen Alter (15 bis 64 Jahre) konstant zu halten, ist die Zahl der Einwanderer sogar noch h\u00f6her als in Szenario III. So l\u00e4ge beispielsweise in <strong>Deutschland die Gesamtzahl der Einwanderer nach Szenario IV bei 24 Millionen<\/strong> (bzw. 487.000 pro Jahr) gegen\u00fcber 17 Millionen (bzw. 344.000 pro Jahr) nach Szenario III.<\/p>\n<p><a href=\"https:\/\/rettung-fuer-deutschland.de\/blog\/?p=2956\" rel=\"noopener\" target=\"_blank\"><img loading=\"lazy\" decoding=\"async\" src=\"https:\/\/www.rettung-fuer-deutschland.de\/foto-wp-un-migrationsplan-deutschland-250x210.jpg\" width=\"250\" height=\"210\" class=\"alignright size-medium\" \/><\/a><strong>Ein Geheimnis ist gel\u00fcftet: Die Grundlage der Bundeskanzlerin Angela Merkel f\u00fcr Ihre Fl\u00fcchtlingspolitik \u2013 der MIGRATIONSPLAN der Vereinten Nationen!<\/strong> Es ist kein Geheimnis und mit einem einfachen Taschenrechner nachvollziehbar, dass die Bundesrepublik Deutschland auf Grund Ihrer \u00fcberalternden Gesellschaft in Zukunft die Sozialkosten f\u00fcr Renten, Pensionen und Krankenkassen nicht mehr bezahlen kann. Gr\u00fcnde daf\u00fcr sind die viel zu niedrige Geburtenrate und die HARTZ IV Einf\u00fchrung vom 1. Januar 2005 (schleichend begonnen ab dem Jahr 2002) durch die SPD \/ Gr\u00fcne Regierung unter Bundeskanzler Schr\u00f6der. Die Frage ist jetzt, wie l\u00f6st man dieses Problem, ohne \u00f6ffentlich eingestehen zu m\u00fcssen, dass die Bundesrepublik Deutschland eigentlich pleite ist. Hierf\u00fcr gibt es einen L\u00f6sungsvorschlag der UN \u2013 Vereinten Nationen. Das ist eine Studie mit dem Titel: \u201eBestandserhaltungsmigration: Eine L\u00f6sung f\u00fcr abnehmende und alternde Bev\u00f6lkerungen?\u201c Diese Studie begeht aber einen grundlegenden Fehler. Sie geht davon aus, dass Fl\u00fcchtlinge und Migranten sich genauso verhalten wie eine deutsche Gesellschaft und deutsche Arbeitnehmer (-innen). Aber genau das ist der Fehler. Deshalb wird uns die Fl\u00fcchtlingskrise mehr als 400 Milliarden Euro kosten! <strong><a href=\"https:\/\/rettung-fuer-deutschland.de\/blog\/?p=2956\" rel=\"noopener\" target=\"_blank\"><font color=\"#000080\">&#8230;. vollst\u00e4ndigen Presseartikel lesen bei WordPress<\/font><\/a><\/strong><\/p>\n<p><a href=\"https:\/\/www.rettung-fuer-deutschland.de\/download-bestandserhaltungsmigration-vereinte-nationen-fuer-deutschland.pdf\" rel=\"noopener\" target=\"_blank\"><img loading=\"lazy\" decoding=\"async\" src=\"https:\/\/www.rettung-fuer-deutschland.de\/foto-wp-un-bestandserhaltungsmigration-245x132.jpg\" width=\"245\" height=\"132\" class=\"alignright size-medium\" \/><\/a>Eine ausf\u00fchrlichere Zusammenfassung des Berichts zur <strong>\u201ebestandserhaltenden Migration\u201c<\/strong>, herausgegeben von den Experten f\u00fcr Bev\u00f6lkerungsfragen bei den Vereinten Nationen, l\u00e4sst sich hier nachlesen. <strong><a href=\"https:\/\/www.rettung-fuer-deutschland.de\/download-bestandserhaltungsmigration-vereinte-nationen-fuer-deutschland.pdf\" rel=\"noopener\" target=\"_blank\"><font color=\"#000080\">PDF-Download: Bestandserhaltungsmigration-Vereinte-Nationen<\/font><\/a><\/strong> Sicherlich interessant f\u00fcr jeden, der sich f\u00fcr \u201eBestandserhaltung nach St\u00fcckzahl unter Ausschlu\u00df s\u00e4mtlicher weiterer Kriterien\u201c interessiert, so, wie h\u00f6chstwahrscheinlich die Bundeskanzlerin.<\/p>\n<p><a href=\"https:\/\/rettung-fuer-deutschland.de\/blog\/?p=5028\" rel=\"noopener\" target=\"_blank\"><img loading=\"lazy\" decoding=\"async\" src=\"https:\/\/www.rettung-fuer-deutschland.de\/foto-wp-migrationspakt-uno-250x210.jpg\" width=\"250\" height=\"210\" class=\"alignright size-medium\" \/><\/a><strong>Fl\u00fcchtlingskrise: Nein zum Migrationspakt der UNO \u2013 Millioneneinwanderungen von Afrikanern nach Europa &#8211; Vollst\u00e4ndigen Vertrag lesen! Was beinhaltet der \u201eMigrationspakt?<\/strong> Bis sp\u00e4testens 2065 sollen nach Angaben der Schweizer Morgenpost 07\/2018 zwischen 200 + 300 Millionen Afrikanern die Einwanderung in Europa erlaubt werden. Der UNO-Einwanderungs-Pakt ist von der deutschen Regierung ma\u00dfgeblich gestaltet und vorangetrieben worden laut Bericht f\u00fcr 2016+2017 \u2026 und unterstreicht dadurch ihre internationale Gestalterrolle im Bereich Flucht und Migration&#8220;. Und weiter: &#8222;Beide Pakte sind als rechtlich nicht bindend, aber politisch verpflichtend konzipiert&#8220;. Im Prinzip wird damit auch das deutsche Asylrecht ausgehebelt. Denn jeder Asylant \/ Migrant kann jetzt gegen Deutschland f\u00fcr den Aufenthalt klagen mit dem Hinweis auf den UN-Migrationspakt. Deshalb ist die Aussage grundlegend falsch: \u201eder UN Migrationspakt sei unverbindlich\u201c. Im Vertrag steht auch: \u201eKeine Benachteiligung von Migranten beim Leistungsbezug!\u201c Das bedeutet unter anderem. Alle Asylanten &amp; Migranten sollen die gleichen Leistungen wie Deutsche erhalten. Zum Beispiel bei Hartz IV und den Renten, ohne jemals ein Deutschland gearbeitet zu haben! In Afrika warten Millionen der sogenannten \u201eangeblichen Fl\u00fcchtlinge\u201c nur darauf, dass Deutschland und Teile von Europa diesen Pakt unterschreiben. Dadurch werden wir eine neue, millionenfache Fl\u00fcchtlingswelle ausl\u00f6sen. Einige Staaten sind bereits aus dem Migrationspakt ausgetreten: Nach den USA, Australien und Ungarn \u00fcben auch Polen und \u00d6sterreich massive Kritik. Der Entwurf f\u00fcr den ersten weltweiten UN-Pakt zum Thema Migration wird \u201eillegale Migration\u201c ermuntern und bietet betroffene Staaten keine Sicherheitsgarantien! <strong><a href=\"https:\/\/rettung-fuer-deutschland.de\/blog\/?p=5028\" rel=\"noopener\" target=\"_blank\"><font color=\"#000080\">&#8230;. vollst\u00e4ndigen Presseartikel lesen bei WordPress<\/font><\/a><\/strong><br \/>\n<img loading=\"lazy\" decoding=\"async\" src=\"https:\/\/www.rettung-fuer-deutschland.de\/grafik-wp-strich-rot-620x10.gif\" width=\"620\" height=\"10\" class=\"alignnone size-medium\" \/><\/p>\n<p><a href=\"https:\/\/www.rettung-fuer-deutschland.de\/download-liste-presseartikel-fluechtlingskrise-rfd-autor-uwe-melzer.pdf\" rel=\"noopener\" target=\"_blank\"><img loading=\"lazy\" decoding=\"async\" src=\"https:\/\/www.rettung-fuer-deutschland.de\/foto-wp-fleuchtlingskrise-zivilisationt-droht-untergang-245x120.jpg\" width=\"245\" height=\"120\" class=\"alignright\" \/><\/a><strong>Liste von Presseartikel zum Thema Fl\u00fcchtlingskrise<\/strong> mit allen Internetlinks von Autor Uwe Melzer. Droht unserer europ\u00e4ischen Zivilisation und dem sozialen Frieden der Untergang, auch im Zusammenhang mit der Fl\u00fcchtlingskrise, oder schaffen wir das? <strong><a href=\"https:\/\/www.rettung-fuer-deutschland.de\/download-liste-presseartikel-fluechtlingskrise-rfd-autor-uwe-melzer.pdf\" rel=\"noopener\" target=\"_blank\"><font color=\"#000080\">*** PDF-Download ***<\/font><\/a><\/strong><\/p>\n<p><a href=\"https:\/\/www.rettung-fuer-deutschland.de\/download-liste-presseartikel-islam-autor-uwe-melzer-wissen-agentur.pdf\" rel=\"noopener\" target=\"_blank\"><img loading=\"lazy\" decoding=\"async\" src=\"https:\/\/www.ichthys-consulting.de\/foto-wp-islam-gefahr-fuer-deutschland-und-die-welt-245x120.jpg\" width=\"245\" height=\"120\" class=\"alignright\" \/><\/a><strong>Eine Auflistung aller Presseartikel von Autor Uwe Melzer \u00fcber den Islam<\/strong> mit allen Internetlinks erhalten Sie auch als kostenloses <strong><a href=\"https:\/\/www.wissen-agentur.de\/download-liste-presseartikel-islam-autor-uwe-melzer-wissen-agentur.pdf\" rel=\"noopener\" target=\"_blank\"><font color=\"#000080\">PDF-Dokument.<\/font><\/a><\/strong><\/p>\n<p><a href=\"https:\/\/www.50-erfolgsgrundlagen.de\/\" rel=\"noopener\" target=\"_blank\"><img loading=\"lazy\" decoding=\"async\" src=\"https:\/\/www.50-erfolgsgrundlagen.de\/Grafik-WP-Buch-Titelseite-H100.jpg\" width=\"71\" height=\"100\" class=\"alignleft\" \/><\/a><strong>Mehr \u00fcber den Autor lesen Sie im Buch\/eBook mit dem Titel: <a href=\"https:\/\/www.50-erfolgsgrundlagen.de\" rel=\"noopener\" target=\"_blank\"><font color=\"#000080\">&#8222;50 biblische Erfolgsgrundlagen im Gesch\u00e4ftsleben&#8220;<\/font><\/a>, erschienen im <a href=\"https:\/\/www.epubli.de\/shop\/autor\/Uwe-Melzer\/2518\" rel=\"noopener\" target=\"_blank\"><font color=\"#000080\">epubli-Verlag unter Buch-ISBN: 978-3-8442-2969-1 und eBook\/ePUB-ISBN: 978-3-8442-0365-3.<\/font><\/a><\/strong><\/p>\n<p><a href=\"https:\/\/www.rettung-fuer-deutschland.de\" rel=\"noopener\" target=\"_blank\"><img loading=\"lazy\" decoding=\"async\" src=\"https:\/\/www.rettung-fuer-deutschland.de\/grafik-wp-deutschlandflagge-am-mast-rfd-logo-280x140.jpg\" alt=\"\" width=\"280\" height=\"140\" class=\"alignleft\" \/><\/a><strong><a title=\"Rettung &#038; Vision f\u00fcr Deutschland\" href=\"https:\/\/www.rettung-fuer-deutschland.de\" rel=\"noopener\" target=\"_blank\"><font color=\"#000080\">Rettung &amp; Vision f\u00fcr Deutschland<\/font><\/a><\/strong><br \/>E-Mail: <a href=\"mailto:rfd@rettung-fuer-deutschland.de\"><font color=\"#000080\">rfd@rettung-fuer-deutschland.de<\/font><\/a><br \/>Internet: <a href=\"https:\/\/www.rettung-fuer-deutschland.de\" rel=\"noopener\" target=\"_blank\"><font color=\"#000080\">www.rettung-fuer-deutschland.de<\/font><\/a><br \/>\n<a href=\"https:\/\/twitter.com\/share\" class=\"twitter-share-button\" data-url=\"https:\/\/rettung-fuer-deutschland.de\/blog\/?p=5147\" data-text=\"Der #globale #Migrationspakt zeigt in einem #UN-Dokument die geplante #Migrationsflutung nach #Europa! \u2013 Auch deshalb #NEIN\" data-lang=\"de\">Twittern<\/a><script>!function(d,s,id){var js,fjs=d.getElementsByTagName(s)[0];if(!d.getElementById(id)){js=d.createElement(s);js.id=id;js.src=\"\/\/platform.twitter.com\/widgets.js\";fjs.parentNode.insertBefore(js,fjs);}}(document,\"script\",\"twitter-wjs\");<\/script> <script type=\"text\/javascript\" src=\"https:\/\/apis.google.com\/js\/plusone.js\"> {lang: 'de'} <\/script><g:plusone><\/g:plusone><\/p>\n<div id=\"fb-root\"><\/div>\n<p><script src=\"https:\/\/connect.facebook.net\/de_DE\/all.js#appId=1849770545241294&amp;xfbml=1\"><\/script><fb:like href=\"https:\/\/rettung-fuer-deutschland.de\/blog\/?p=5147\" send=\"true\" width=\"450\" show_faces=\"true\" font=\"arial\"><\/fb:like><\/p>\n","protected":false},"excerpt":{"rendered":"<p>Eine Studie \u00fcber Migration f\u00fcr die EU zeigt die geplante Zukunft des europ\u00e4ischen Kontinents auf. Das Dokument ist der Ansicht, dass Europa die Gr\u00f6\u00dfe und Kapazit\u00e4t f\u00fcr 4 Milliarden Menschen besitzt, das ist mehr als die H\u00e4lfte der Weltbev\u00f6lkerung 2018. In dem Dokument ist zu lesen, dass Griechenland in Zukunft von 120 Millionen Menschen bewohnt wird. Angegeben sind die Gr\u00f6\u00dfe des Landes und die Kapazit\u00e4t an Menschen, die auf dem Gebiet angesiedelt werden k\u00f6nnten. Daher sollten die USA in der Lage sein, rund 8 Milliarden Menschen aufzunehmen, wobei die gesamte Weltbev\u00f6lkerung von heute doppelt so gro\u00df ist wie die EU \u2013 das bedeutet, dass die UN voraussichtlich bald 100 Milliarden gl\u00fcckliche, friedliche Menschen mit niedriger Intelligenz haben wird, die alle gleich sind und alles kostenlos bekommen. Aber wieso ist das UN-Dokument \u00fcber die Zukunft Europas so wichtig und was sagt es eigentlich aus? Wie viel Quadratmeter steht einem Vertreter unserer Art laut dem Papier zuk\u00fcnftig in Europa zur Verf\u00fcgung? Bereits am 18. Juli 2017 hat der Autor Uwe Melzer mit dem folgenden Pressebericht auf die UN-Grundlage f\u00fcr die Migrationspolitik der Merkel-Regierung hingewiesen. Dieser Presseartikel beinhaltet auch den PDF-Download eines UN-Berichts, der f\u00fcr Deutschland 24 Millionen Migranten vorsieht, nur damit unsere Sozialsysteme gest\u00fctzt werden. Hier ein Auszug davon: \u2026 vollst\u00e4ndigen Presseartikel lesen bei WordPress: https:\/\/rettung-fuer-deutschland.de\/blog\/?p=5147<\/p>\n","protected":false},"author":1,"featured_media":0,"comment_status":"open","ping_status":"open","sticky":false,"template":"","format":"standard","meta":{"footnotes":""},"categories":[1,6,19,2927,4,3,49],"tags":[3690,1644,1937,352,3662,3687,3688,2049,2147,2770,3686,3656,1933,3689,510,2023,3685,491,1223],"class_list":["post-5147","post","type-post","status-publish","format-standard","hentry","category-allgemein","category-buch-ebook","category-deutschland","category-fluechtlingskrise","category-gesellschaft","category-politik","category-welt","tag-albtraumszenario","tag-asylanten","tag-deutschland","tag-europa","tag-globale","tag-intelligenz","tag-intelligenzquotient","tag-maerchen","tag-migranten","tag-migration","tag-migrationsflutung","tag-migrationspakt","tag-politik","tag-schulsystem","tag-studie","tag-un","tag-un-dokument","tag-weltordnung","tag-wirtschaftskraft"],"_links":{"self":[{"href":"https:\/\/rettung-fuer-deutschland.de\/blog\/wp-json\/wp\/v2\/posts\/5147","targetHints":{"allow":["GET"]}}],"collection":[{"href":"https:\/\/rettung-fuer-deutschland.de\/blog\/wp-json\/wp\/v2\/posts"}],"about":[{"href":"https:\/\/rettung-fuer-deutschland.de\/blog\/wp-json\/wp\/v2\/types\/post"}],"author":[{"embeddable":true,"href":"https:\/\/rettung-fuer-deutschland.de\/blog\/wp-json\/wp\/v2\/users\/1"}],"replies":[{"embeddable":true,"href":"https:\/\/rettung-fuer-deutschland.de\/blog\/wp-json\/wp\/v2\/comments?post=5147"}],"version-history":[{"count":0,"href":"https:\/\/rettung-fuer-deutschland.de\/blog\/wp-json\/wp\/v2\/posts\/5147\/revisions"}],"wp:attachment":[{"href":"https:\/\/rettung-fuer-deutschland.de\/blog\/wp-json\/wp\/v2\/media?parent=5147"}],"wp:term":[{"taxonomy":"category","embeddable":true,"href":"https:\/\/rettung-fuer-deutschland.de\/blog\/wp-json\/wp\/v2\/categories?post=5147"},{"taxonomy":"post_tag","embeddable":true,"href":"https:\/\/rettung-fuer-deutschland.de\/blog\/wp-json\/wp\/v2\/tags?post=5147"}],"curies":[{"name":"wp","href":"https:\/\/api.w.org\/{rel}","templated":true}]}}